{"id":142538,"date":"2019-12-23T12:50:33","date_gmt":"2019-12-23T15:50:33","guid":{"rendered":"http:\/\/www.caririemacao.com\/1\/?p=142538"},"modified":"2019-12-23T12:50:33","modified_gmt":"2019-12-23T15:50:33","slug":"decreto-extingue-275-mil-cargos-obsoletos-no-governo-federal","status":"publish","type":"post","link":"https:\/\/www.caririemacao.com\/1\/2019\/12\/23\/decreto-extingue-275-mil-cargos-obsoletos-no-governo-federal\/","title":{"rendered":"Decreto extingue 27,5 mil cargos obsoletos no governo federal"},"content":{"rendered":"\n<p>Decreto assinado pelo presidente Jair Bolsonaro extingue 27,5 mil cargos que comp\u00f5em o governo federal, informou nesta segunda-feira (23) o Minist\u00e9rio da Economia.<\/p>\n\n\n\n<p>De acordo com a pasta, entre as posi\u00e7\u00f5es extintas, est\u00e3o as de discotec\u00e1rio, mateiro, t\u00e9cnico de m\u00f3veis e esquadrias, locutor e seringueiro.<\/p>\n\n\n\n<p>Al\u00e9m da extin\u00e7\u00e3o das posi\u00e7\u00f5es, h\u00e1 ainda a proibi\u00e7\u00e3o de abertura de concurso p\u00fablico para outros 20 mil cargos t\u00e9cnicos e administrativos no Minist\u00e9rio da Educa\u00e7\u00e3o.<\/p>\n\n\n\n<p>Na pr\u00e1tica, a medida antecipa parte da reforma administrativa planejada pelo governo, que vai alterar a estrutura do servi\u00e7o p\u00fablico. Ao defender a reforma, membros da equipe econ\u00f4mica argumentavam, entre outros pontos, que o sistema de carreiras do governo \u00e9 obsoleto e tem uma s\u00e9rie de cargos que deixaram de existir no servi\u00e7o p\u00fablico.<\/p>\n\n\n\n<p>Em nota, o Minist\u00e9rio da Economia afirmou que foram analisados cerca de 500 mil cargos para identificar aqueles que n\u00e3o s\u00e3o condizentes com a realidade da atual for\u00e7a de trabalho do servi\u00e7o p\u00fablico federal.<\/p>\n\n\n\n<p>O governo argumenta que a maior parte das atribui\u00e7\u00f5es extintas pode ser contratada indiretamente por meio de vagas terceirizadas ou descentralizadas para estados e munic\u00edpios.<\/p>\n\n\n\n<p>Segundo o minist\u00e9rio, do total de cargos extintos, 14,2 mil j\u00e1 est\u00e3o desocupados. Outros 13,3 mil ainda est\u00e3o ocupados e s\u00f3 deixar\u00e3o de existir quando essas pessoas se aposentarem.<\/p>\n\n\n\n<p>&#8220;\u00c9 importante deixar claro que o servidor que ocupa um cargo em extin\u00e7\u00e3o n\u00e3o \u00e9 afetado, nada muda para a pessoa&#8221;, afirma o secret\u00e1rio de Gest\u00e3o e Desempenho de Pessoal, Wagner Lenhart.<\/p>\n\n\n\n<p>O Minist\u00e9rio da Sa\u00fade ser\u00e1 o maior impactado pela medida, com redu\u00e7\u00e3o de aproximadamente 22,5 mil cargos, o que representa quase 81% do total.<\/p>\n\n\n\n<p>Somente a fun\u00e7\u00e3o de agente de sa\u00fade p\u00fablica representa a extin\u00e7\u00e3o de 10,6 mil cargos. Lenhart afirma que a mudan\u00e7a n\u00e3o afetar\u00e1 as atividades de sa\u00fade p\u00fablica.<\/p>\n\n\n\n<p>&#8220;Isso n\u00e3o ter\u00e1 repercuss\u00e3o no \u00e2mbito do Minist\u00e9rio da Sa\u00fade e se deve, em grande parte, \u00e0 extin\u00e7\u00e3o de cargos de natureza operacional no combate e controle de endemias, e de cargos vagos de unidades hospitalares, que hoje j\u00e1 s\u00e3o de compet\u00eancia de outros entes federativos&#8221;, justifica.<\/p>\n\n\n\n<p>Desde 2018, esta \u00e9 a terceira vez que o governo decreta a extin\u00e7\u00e3o de cargos que classifica como obsoletos. No fim da gest\u00e3o do ex-presidente Michel Temer, houve uma redu\u00e7\u00e3o de 60 mil postos. No in\u00edcio da gest\u00e3o de Bolsonaro, foram extintos outros 13 mil cargos.<\/p>\n","protected":false},"excerpt":{"rendered":"<p>Decreto assinado pelo presidente Jair Bolsonaro extingue 27,5 mil cargos que comp\u00f5em o governo federal, informou nesta segunda-feira (23) o Minist\u00e9rio da Economia. De acordo&hellip; <\/p>\n","protected":false},"author":1,"featured_media":106039,"comment_status":"closed","ping_status":"closed","sticky":false,"template":"","format":"standard","meta":{"sfsi_plus_gutenberg_text_before_share":"","sfsi_plus_gutenberg_show_text_before_share":"","sfsi_plus_gutenberg_icon_type":"","sfsi_plus_gutenberg_icon_alignemt":"","sfsi_plus_gutenburg_max_per_row":"","footnotes":""},"categories":[11],"tags":[],"class_list":["post-142538","post","type-post","status-publish","format-standard","has-post-thumbnail","hentry","category-politica"],"_links":{"self":[{"href":"https:\/\/www.caririemacao.com\/1\/wp-json\/wp\/v2\/posts\/142538","targetHints":{"allow":["GET"]}}],"collection":[{"href":"https:\/\/www.caririemacao.com\/1\/wp-json\/wp\/v2\/posts"}],"about":[{"href":"https:\/\/www.caririemacao.com\/1\/wp-json\/wp\/v2\/types\/post"}],"author":[{"embeddable":true,"href":"https:\/\/www.caririemacao.com\/1\/wp-json\/wp\/v2\/users\/1"}],"replies":[{"embeddable":true,"href":"https:\/\/www.caririemacao.com\/1\/wp-json\/wp\/v2\/comments?post=142538"}],"version-history":[{"count":1,"href":"https:\/\/www.caririemacao.com\/1\/wp-json\/wp\/v2\/posts\/142538\/revisions"}],"predecessor-version":[{"id":142539,"href":"https:\/\/www.caririemacao.com\/1\/wp-json\/wp\/v2\/posts\/142538\/revisions\/142539"}],"wp:featuredmedia":[{"embeddable":true,"href":"https:\/\/www.caririemacao.com\/1\/wp-json\/wp\/v2\/media\/106039"}],"wp:attachment":[{"href":"https:\/\/www.caririemacao.com\/1\/wp-json\/wp\/v2\/media?parent=142538"}],"wp:term":[{"taxonomy":"category","embeddable":true,"href":"https:\/\/www.caririemacao.com\/1\/wp-json\/wp\/v2\/categories?post=142538"},{"taxonomy":"post_tag","embeddable":true,"href":"https:\/\/www.caririemacao.com\/1\/wp-json\/wp\/v2\/tags?post=142538"}],"curies":[{"name":"wp","href":"https:\/\/api.w.org\/{rel}","templated":true}]}}