{"id":142543,"date":"2019-12-23T13:24:44","date_gmt":"2019-12-23T16:24:44","guid":{"rendered":"http:\/\/www.caririemacao.com\/1\/?p=142543"},"modified":"2019-12-23T13:24:44","modified_gmt":"2019-12-23T16:24:44","slug":"reforma-da-previdencia-ja-foi-aprovada-em-nove-estados","status":"publish","type":"post","link":"https:\/\/www.caririemacao.com\/1\/2019\/12\/23\/reforma-da-previdencia-ja-foi-aprovada-em-nove-estados\/","title":{"rendered":"Reforma da Previd\u00eancia j\u00e1 foi aprovada em nove estados"},"content":{"rendered":"\n<p>A proposta da emenda constitucional que permite estados, Distrito Federal e munic\u00edpios adotarem regimes pr\u00f3prios de previd\u00eancia social, com as mesmas regras da Uni\u00e3o, s\u00f3 come\u00e7ar\u00e1 a ser apreciada na Comiss\u00e3o de Constitui\u00e7\u00e3o e Justi\u00e7a e de Cidadania (CCJ) da C\u00e2mara dos Deputados ap\u00f3s o recesso parlamentar. A chamada PEC Paralela (PEC n\u00ba 133) foi aprovada\u00a0em novembro\u00a0no Senado Federal.<\/p>\n\n\n\n<p>Na \u00faltima&nbsp;quarta-feira (18), o presidente da CCJ, deputado Felipe Francischini (PSL-PR), designou a si mesmo como relator para avaliar a constitucionalidade da medida.<\/p>\n\n\n\n<p>A expectativa de analistas ouvidos pela&nbsp;Ag\u00eancia Brasil&nbsp;\u00e9 de que a PEC seja aprovada em fevereiro na CCJ, siga para an\u00e1lise e aprova\u00e7\u00e3o em comiss\u00e3o especial em mar\u00e7o e abril, e finalmente v\u00e1 para vota\u00e7\u00e3o (em 1\u00ba turno) no Plen\u00e1rio em maio.<\/p>\n\n\n\n<p>O prov\u00e1vel cronograma quase se sobrep\u00f5e ao prazo previsto na Portaria n\u00ba 1.348 da Secretaria Especial de Previd\u00eancia e Trabalho, que estabeleceu 31 de julho do pr\u00f3ximo ano como prazo final para estados e munic\u00edpios fazerem adequa\u00e7\u00f5es aos seus sistemas previdenci\u00e1rios, em linha com a reforma da Previd\u00eancia que o Congresso Nacional promulgou.<\/p>\n\n\n\n<p><strong>Mudan\u00e7as nos estados<\/strong><\/p>\n\n\n\n<p>Enquanto correm os dois prazos, alguns estados j\u00e1 iniciaram mudan\u00e7as nos regimes previdenci\u00e1rios dos seus servidores p\u00fablicos.<\/p>\n\n\n\n<p>Levantamento feito pela&nbsp;<strong>Ag\u00eancia Brasil<\/strong>&nbsp;indica que proposi\u00e7\u00f5es que alteram a legisla\u00e7\u00e3o previdenci\u00e1ria foram aprovadas em nove estados Acre, Alagoas, Amazonas, Esp\u00edrito Santo, Maranh\u00e3o, Mato Grosso do Sul, Pernambuco, Piau\u00ed e&nbsp;Rio Grande do Sul.<\/p>\n\n\n\n<p>No Paran\u00e1, um projeto apresentado pelo Executivo j\u00e1 virou lei e o segundo aguarda vota\u00e7\u00e3o final. Em Goi\u00e1s e no Par\u00e1, as propostas foram aprovadas em primeiro turno. No Cear\u00e1, no Mato Grosso e em Sergipe, os respectivos projetos foram aprovados nas comiss\u00f5es de Constitui\u00e7\u00e3o e Justi\u00e7a.<\/p>\n\n\n\n<p>Nos estados da Bahia, Para\u00edba, Roraima, Santa Catarina e S\u00e3o Paulo projetos de lei ou emendas constitucionais est\u00e3o em discuss\u00e3o em diferentes comiss\u00f5es das assembleias legislativas. Em Minas Gerais, no Rio Grande do Norte e em Rond\u00f4nia, as propostas de altera\u00e7\u00e3o da previd\u00eancia dos servidores est\u00e3o em elabora\u00e7\u00e3o no Executivo.<\/p>\n\n\n\n<p>A reportagem n\u00e3o localizou informa\u00e7\u00e3o sobre tramita\u00e7\u00e3o de propostas nos legislativos do Amap\u00e1, Distrito Federal, Rio&nbsp;de Janeiro&nbsp;e Tocantins.<\/p>\n\n\n\n<figure class=\"wp-block-image\"><img decoding=\"async\" data-src=\"https:\/\/paraibaonline.com.br\/wp-content\/uploads\/2019\/12\/empresas___negocios___reforma_na_previdencia___credito_agencia_senado_visual_hunt__cc_by-8728942-567x378.jpg\" alt=\"Foto: Ag\u00eancia Senado\" class=\"wp-image-823075 lazyload\" src=\"data:image\/svg+xml;base64,PHN2ZyB3aWR0aD0iMSIgaGVpZ2h0PSIxIiB4bWxucz0iaHR0cDovL3d3dy53My5vcmcvMjAwMC9zdmciPjwvc3ZnPg==\" style=\"--smush-placeholder-width: 567px; --smush-placeholder-aspect-ratio: 567\/378;\" \/><\/figure>\n\n\n\n<p>Foto: Ag\u00eancia Senado<\/p>\n\n\n\n<p><strong>Situa\u00e7\u00e3o fiscal<\/strong><\/p>\n\n\n\n<p>A situa\u00e7\u00e3o de tramita\u00e7\u00e3o das reformas da Previd\u00eancia n\u00e3o guarda rela\u00e7\u00e3o com a situa\u00e7\u00e3o fiscal e previdenci\u00e1ria dos estados, essa o principal fator de d\u00e9ficit or\u00e7ament\u00e1rio. De acordo com o estudo \u201cIndicadores de Situa\u00e7\u00e3o das&nbsp;Previd\u00eancias Estaduais\u201d, elaborado pela Institui\u00e7\u00e3o Fiscal Independente (IFI) do Senado Federal.<\/p>\n\n\n\n<p>Conforme ranking geral do IFI, os estados em melhor situa\u00e7\u00e3o est\u00e3o nas regi\u00f5es Norte e Centro-Oeste. J\u00e1 os estados do Nordeste, Sul e Sudeste est\u00e3o nas piores posi\u00e7\u00f5es. Minas Gerais, Bahia, Rio&nbsp;de Janeiro&nbsp;e Rio Grande do Sul est\u00e3o nas quatro \u00faltimas posi\u00e7\u00f5es do ranking.<\/p>\n\n\n\n<p>A Secretaria do Tesouro Nacional atribuiu letra \u201cD\u201d \u00e0s finan\u00e7as p\u00fablicas fluminense e ga\u00facha na \u00faltima edi\u00e7\u00e3o do Boletim de Finan\u00e7as dos Entes Subnacionais.<\/p>\n\n\n\n<p>O estudo assinala a dificuldade dos estados de lidarem com elevado n\u00edvel de endividamento e com comprometimento relativamente elevado com gasto de pessoal ativo e inativo.<\/p>\n\n\n\n<p>Para Josu\u00e9 Pellegrini, analista da IFI e consultor legislativo do Senado, \u201ca reforma da Previd\u00eancia nos estados \u00e9 quest\u00e3o central. N\u00e3o d\u00e1 para os governadores ficarem apostando em uma tramita\u00e7\u00e3o que est\u00e1 em Bras\u00edlia e pode n\u00e3o acontecer\u201d.<\/p>\n\n\n\n<p>Com as elei\u00e7\u00f5es municipais previstas para&nbsp;4 de outubro, os parlamentares federais podem adiar a vota\u00e7\u00e3o das pautas mais pol\u00eamicas, alerta Ant\u00f4nio Augusto de Queiroz, do Departamento Intersindical de Assuntos Parlamentares (Diap).<\/p>\n\n\n\n<p>\u201cEles&nbsp;ter\u00e3o cautela maior ainda que tiveram no momento que decidiram excluir os servidores para expor os vereadores e os deputados estaduais\u201d.<\/p>\n\n\n\n<p>O comportamento dos parlamentares, tanto no Legislativo Federal quanto nos legislativos estaduais, \u00e9 influenciado pelo posicionamento do Executivo estadual lembra o economista Jos\u00e9 M\u00e1rcio Camargo.<\/p>\n\n\n\n<p>\u201cUma parte dos governadores tem atitude um tanto populista em rela\u00e7\u00e3o a esses problemas. Na reforma da Previd\u00eancia federal, alguns governadores adotaram uma postura de que alguns estados n\u00e3o precisavam da reforma e que eram contra. E os deputados reagiram e tiraram os estados da reforma.\u201d<\/p>\n\n\n\n<p>A pesquisadora M\u00f4nica Mora, do Instituto de Pesquisa Econ\u00f4mica Aplicada (Ipea) reconhece que a tomada de decis\u00e3o sobre Previd\u00eancia Social \u00e9 extremamente dif\u00edcil, mas pondera que as altera\u00e7\u00f5es trazem consequ\u00eancias imediatas no atendimento \u00e0 popula\u00e7\u00e3o nos estados.<\/p>\n\n\n\n<p>\u201cQuando a gente fala em reforma da Previd\u00eancia, a gente est\u00e1 falando por exemplo sobre at\u00e9 quando um policial militar pode ficar nas ruas, at\u00e9 quando uma professora prim\u00e1ria pode ficar em sala de aula. Estamos nos referindo a setores que desempenham papeis espec\u00edficos na presta\u00e7\u00e3o de servi\u00e7os\u201d, lembra.<\/p>\n","protected":false},"excerpt":{"rendered":"<p>A proposta da emenda constitucional que permite estados, Distrito Federal e munic\u00edpios adotarem regimes pr\u00f3prios de previd\u00eancia social, com as mesmas regras da Uni\u00e3o, s\u00f3&hellip; <\/p>\n","protected":false},"author":1,"featured_media":139470,"comment_status":"closed","ping_status":"closed","sticky":false,"template":"","format":"standard","meta":{"sfsi_plus_gutenberg_text_before_share":"","sfsi_plus_gutenberg_show_text_before_share":"","sfsi_plus_gutenberg_icon_type":"","sfsi_plus_gutenberg_icon_alignemt":"","sfsi_plus_gutenburg_max_per_row":"","footnotes":""},"categories":[2],"tags":[],"class_list":["post-142543","post","type-post","status-publish","format-standard","has-post-thumbnail","hentry","category-geral"],"_links":{"self":[{"href":"https:\/\/www.caririemacao.com\/1\/wp-json\/wp\/v2\/posts\/142543","targetHints":{"allow":["GET"]}}],"collection":[{"href":"https:\/\/www.caririemacao.com\/1\/wp-json\/wp\/v2\/posts"}],"about":[{"href":"https:\/\/www.caririemacao.com\/1\/wp-json\/wp\/v2\/types\/post"}],"author":[{"embeddable":true,"href":"https:\/\/www.caririemacao.com\/1\/wp-json\/wp\/v2\/users\/1"}],"replies":[{"embeddable":true,"href":"https:\/\/www.caririemacao.com\/1\/wp-json\/wp\/v2\/comments?post=142543"}],"version-history":[{"count":1,"href":"https:\/\/www.caririemacao.com\/1\/wp-json\/wp\/v2\/posts\/142543\/revisions"}],"predecessor-version":[{"id":142545,"href":"https:\/\/www.caririemacao.com\/1\/wp-json\/wp\/v2\/posts\/142543\/revisions\/142545"}],"wp:featuredmedia":[{"embeddable":true,"href":"https:\/\/www.caririemacao.com\/1\/wp-json\/wp\/v2\/media\/139470"}],"wp:attachment":[{"href":"https:\/\/www.caririemacao.com\/1\/wp-json\/wp\/v2\/media?parent=142543"}],"wp:term":[{"taxonomy":"category","embeddable":true,"href":"https:\/\/www.caririemacao.com\/1\/wp-json\/wp\/v2\/categories?post=142543"},{"taxonomy":"post_tag","embeddable":true,"href":"https:\/\/www.caririemacao.com\/1\/wp-json\/wp\/v2\/tags?post=142543"}],"curies":[{"name":"wp","href":"https:\/\/api.w.org\/{rel}","templated":true}]}}