{"id":142551,"date":"2019-12-23T13:31:28","date_gmt":"2019-12-23T16:31:28","guid":{"rendered":"http:\/\/www.caririemacao.com\/1\/?p=142551"},"modified":"2019-12-23T13:31:28","modified_gmt":"2019-12-23T16:31:28","slug":"fundacao-pb-saude-fara-processo-seletivo-para-absorver-7-200-codificados-da-saude","status":"publish","type":"post","link":"https:\/\/www.caririemacao.com\/1\/2019\/12\/23\/fundacao-pb-saude-fara-processo-seletivo-para-absorver-7-200-codificados-da-saude\/","title":{"rendered":"Funda\u00e7\u00e3o PB Sa\u00fade far\u00e1 processo seletivo para absorver 7.200 codificados da sa\u00fade"},"content":{"rendered":"\n<p>O governador Jo\u00e3o Azev\u00eado disse que planeja realizar, j\u00e1 no ano que vem, processo seletivo para a Funda\u00e7\u00e3o PB Sa\u00fade. Com isso, Jo\u00e3o Azev\u00eado espera resolver dois problemas de uma s\u00f3 vez: a gest\u00e3o dos hospitais paraibanos ap\u00f3s o t\u00e9rmino dos contratos com as Organiza\u00e7\u00f5es Sociais (OS) e a quest\u00e3o dos codificados do Estado. A declara\u00e7\u00e3o foi dada em entrevista coletiva concedida na manh\u00e3 desta segunda-feira (23), no Pal\u00e1cio do Governo.<\/p>\n\n\n\n<p>De acordo com o governador, atualmente 7.200 codificados atuam na \u00e1rea da sa\u00fade no Estado. &#8220;Existe um n\u00famero de profissionais de n\u00edvel superior, de n\u00edvel m\u00e9dio e t\u00e9cnico e m\u00e9dicos&#8221;, explicou.<\/p>\n\n\n\n<p>A solu\u00e7\u00e3o apontada \u00e9 que a partir da cria\u00e7\u00e3o da Funda\u00e7\u00e3o PB Sa\u00fade, sejam absorvidos todos os profissionais de n\u00edvel m\u00e9dio, superior e t\u00e9cnico dentro da Funda\u00e7\u00e3o atrav\u00e9s de processo seletivo.<\/p>\n\n\n\n<p>&#8220;Os m\u00e9dicos, aproximadamente 700, ser\u00e3o contratados atrav\u00e9s de um regime que hoje a legisla\u00e7\u00e3o permite, chamado Pessoa Jur\u00eddica individual, o famoso PJ&#8221;, disse o governador, acrescentando que esse regime permite uma mobilidade maior para os m\u00e9dicos.<\/p>\n\n\n\n<p>A Funda\u00e7\u00e3o PB Sa\u00fade, que aguarda aprova\u00e7\u00e3o da Assembleia Legislativa da Para\u00edba (ALPB) para come\u00e7ar a funcionar, ficar\u00e1 respons\u00e1vel pela gest\u00e3o dos hospitais do Estado ap\u00f3s o t\u00e9rmino dos contratos com as OS, que ser\u00e3o dispensadas ap\u00f3s den\u00fancias de corrup\u00e7\u00e3o da Opera\u00e7\u00e3o Calv\u00e1rio.&nbsp;<\/p>\n\n\n\n<p>Enquanto a aprova\u00e7\u00e3o da ALPB n\u00e3o sai, a Secretaria de Sa\u00fade ir\u00e1 assumindo a gest\u00e3o dos hospitais conforme os contratos forem se encerrando. O do Hospital de Trauma de Jo\u00e3o Pessoa, por exemplo, j\u00e1 acaba no pr\u00f3ximo dia 28.<\/p>\n\n\n\n<p>O governador explicou que as coisas ser\u00e3o feitas dessa forma porque os servi\u00e7os de sa\u00fade n\u00e3o podem parar para que os ajustes sejam feitos. &#8220;Vamos ter que trocar o pneu com o carro em movimento&#8221;, comparou.<\/p>\n","protected":false},"excerpt":{"rendered":"<p>O governador Jo\u00e3o Azev\u00eado disse que planeja realizar, j\u00e1 no ano que vem, processo seletivo para a Funda\u00e7\u00e3o PB Sa\u00fade. Com isso, Jo\u00e3o Azev\u00eado espera&hellip; <\/p>\n","protected":false},"author":1,"featured_media":142552,"comment_status":"closed","ping_status":"closed","sticky":false,"template":"","format":"standard","meta":{"sfsi_plus_gutenberg_text_before_share":"","sfsi_plus_gutenberg_show_text_before_share":"","sfsi_plus_gutenberg_icon_type":"","sfsi_plus_gutenberg_icon_alignemt":"","sfsi_plus_gutenburg_max_per_row":"","footnotes":""},"categories":[11],"tags":[],"class_list":["post-142551","post","type-post","status-publish","format-standard","has-post-thumbnail","hentry","category-politica"],"_links":{"self":[{"href":"https:\/\/www.caririemacao.com\/1\/wp-json\/wp\/v2\/posts\/142551","targetHints":{"allow":["GET"]}}],"collection":[{"href":"https:\/\/www.caririemacao.com\/1\/wp-json\/wp\/v2\/posts"}],"about":[{"href":"https:\/\/www.caririemacao.com\/1\/wp-json\/wp\/v2\/types\/post"}],"author":[{"embeddable":true,"href":"https:\/\/www.caririemacao.com\/1\/wp-json\/wp\/v2\/users\/1"}],"replies":[{"embeddable":true,"href":"https:\/\/www.caririemacao.com\/1\/wp-json\/wp\/v2\/comments?post=142551"}],"version-history":[{"count":1,"href":"https:\/\/www.caririemacao.com\/1\/wp-json\/wp\/v2\/posts\/142551\/revisions"}],"predecessor-version":[{"id":142553,"href":"https:\/\/www.caririemacao.com\/1\/wp-json\/wp\/v2\/posts\/142551\/revisions\/142553"}],"wp:featuredmedia":[{"embeddable":true,"href":"https:\/\/www.caririemacao.com\/1\/wp-json\/wp\/v2\/media\/142552"}],"wp:attachment":[{"href":"https:\/\/www.caririemacao.com\/1\/wp-json\/wp\/v2\/media?parent=142551"}],"wp:term":[{"taxonomy":"category","embeddable":true,"href":"https:\/\/www.caririemacao.com\/1\/wp-json\/wp\/v2\/categories?post=142551"},{"taxonomy":"post_tag","embeddable":true,"href":"https:\/\/www.caririemacao.com\/1\/wp-json\/wp\/v2\/tags?post=142551"}],"curies":[{"name":"wp","href":"https:\/\/api.w.org\/{rel}","templated":true}]}}