{"id":142557,"date":"2019-12-23T14:13:37","date_gmt":"2019-12-23T17:13:37","guid":{"rendered":"http:\/\/www.caririemacao.com\/1\/?p=142557"},"modified":"2019-12-23T14:13:37","modified_gmt":"2019-12-23T17:13:37","slug":"atendimentos-por-acidente-no-sus-de-cada-dez-oito-sao-motociclistas","status":"publish","type":"post","link":"https:\/\/www.caririemacao.com\/1\/2019\/12\/23\/atendimentos-por-acidente-no-sus-de-cada-dez-oito-sao-motociclistas\/","title":{"rendered":"Atendimentos por acidente no SUS: de cada dez, oito s\u00e3o motociclistas"},"content":{"rendered":"\n<p><br>Acada dez atendimentos por acidente de transporte realizados em hospitais do Sistema \u00danico de Sa\u00fade (SUS), oito s\u00e3o entre motociclistas.<\/p>\n\n\n\n<p>Segundo dados do Minist\u00e9rio da Sa\u00fade, os homens representaram 67,1% dos atendimentos nas unidades de sa\u00fade e as mulheres 50,1%.<\/p>\n\n\n\n<p>A faixa et\u00e1ria mais acometida s\u00e3o os jovens entre 20 e 39 anos. Os n\u00fameros fazem parte da pesquisa VIVA Inqu\u00e9rito 2017, realizada a cada tr\u00eas anos pela pasta.<\/p>\n\n\n\n<p>Em 2018, os acidentes de tr\u00e2nsito causaram 183,4 mil interna\u00e7\u00f5es que custaram R$ 265 milh\u00f5es ao SUS.<\/p>\n\n\n\n<p>No ano anterior, o n\u00famero de interna\u00e7\u00f5es foi 181,2 mil ao custo de R$ 259 milh\u00f5es, sendo que mais de 50% das interna\u00e7\u00f5es envolveram motociclistas.<\/p>\n\n\n\n<figure class=\"wp-block-image\"><img decoding=\"async\" data-src=\"https:\/\/paraibaonline.com.br\/wp-content\/uploads\/2019\/12\/motoboy.jpg\" alt=\"Foto: Ag\u00eancia Brasil\" class=\"wp-image-826925 lazyload\" src=\"data:image\/svg+xml;base64,PHN2ZyB3aWR0aD0iMSIgaGVpZ2h0PSIxIiB4bWxucz0iaHR0cDovL3d3dy53My5vcmcvMjAwMC9zdmciPjwvc3ZnPg==\" \/><\/figure>\n\n\n\n<p>Foto: Ag\u00eancia Brasil<\/p>\n\n\n\n<p>Para reduzir a viol\u00eancia no tr\u00e2nsito, o governo federal lan\u00e7ou a Opera\u00e7\u00e3o Rodovida 2019.<\/p>\n\n\n\n<p>A a\u00e7\u00e3o integra \u00f3rg\u00e3os federais, como o Minist\u00e9rio da Sa\u00fade, a Pol\u00edcia Rodovi\u00e1ria Federal (PRF) e o Minist\u00e9rio da Infraestrutura, em articula\u00e7\u00e3o com estados e munic\u00edpios.<\/p>\n\n\n\n<p>A&nbsp;opera\u00e7\u00e3o&nbsp;vai incluir o per\u00edodo de festividades de Natal, Ano-Novo e Carnaval por elevar o fluxo de ve\u00edculos que circulam nas rodovias federais de todo o pa\u00eds.<\/p>\n\n\n\n<p>O minist\u00e9rio tamb\u00e9m desenvolve, desde 2010, uma a\u00e7\u00e3o nos pontos com maiores problemas e maior fiscaliza\u00e7\u00e3o, principalmente no que se refere ao \u201c\u00e1lcool e dire\u00e7\u00e3o\u201d e \u00e0 velocidade excessiva e\/ou inadequada.<\/p>\n\n\n\n<p>O Projeto Vida no Tr\u00e2nsito \u00e9 realizado em parceria com munic\u00edpios e ressalta a import\u00e2ncia da articula\u00e7\u00e3o do setor sa\u00fade com o tr\u00e2nsito no cumprimento do C\u00f3digo de Tr\u00e2nsito Brasileiro nos componentes da vigil\u00e2ncia (informa\u00e7\u00e3o qualificada, monitoramento das les\u00f5es e mortes e fatores de risco), preven\u00e7\u00e3o e cuidado pr\u00e9-hospitalar, hospitalar e de reabilita\u00e7\u00e3o ofertado \u00e0s v\u00edtimas.<\/p>\n\n\n\n<p>AG\u00caNCIA BRASIL <\/p>\n","protected":false},"excerpt":{"rendered":"<p>Acada dez atendimentos por acidente de transporte realizados em hospitais do Sistema \u00danico de Sa\u00fade (SUS), oito s\u00e3o entre motociclistas. Segundo dados do Minist\u00e9rio da&hellip; <\/p>\n","protected":false},"author":1,"featured_media":142559,"comment_status":"closed","ping_status":"closed","sticky":false,"template":"","format":"standard","meta":{"sfsi_plus_gutenberg_text_before_share":"","sfsi_plus_gutenberg_show_text_before_share":"","sfsi_plus_gutenberg_icon_type":"","sfsi_plus_gutenberg_icon_alignemt":"","sfsi_plus_gutenburg_max_per_row":"","footnotes":""},"categories":[50,2],"tags":[],"class_list":["post-142557","post","type-post","status-publish","format-standard","has-post-thumbnail","hentry","category-destaque","category-geral"],"_links":{"self":[{"href":"https:\/\/www.caririemacao.com\/1\/wp-json\/wp\/v2\/posts\/142557","targetHints":{"allow":["GET"]}}],"collection":[{"href":"https:\/\/www.caririemacao.com\/1\/wp-json\/wp\/v2\/posts"}],"about":[{"href":"https:\/\/www.caririemacao.com\/1\/wp-json\/wp\/v2\/types\/post"}],"author":[{"embeddable":true,"href":"https:\/\/www.caririemacao.com\/1\/wp-json\/wp\/v2\/users\/1"}],"replies":[{"embeddable":true,"href":"https:\/\/www.caririemacao.com\/1\/wp-json\/wp\/v2\/comments?post=142557"}],"version-history":[{"count":1,"href":"https:\/\/www.caririemacao.com\/1\/wp-json\/wp\/v2\/posts\/142557\/revisions"}],"predecessor-version":[{"id":142560,"href":"https:\/\/www.caririemacao.com\/1\/wp-json\/wp\/v2\/posts\/142557\/revisions\/142560"}],"wp:featuredmedia":[{"embeddable":true,"href":"https:\/\/www.caririemacao.com\/1\/wp-json\/wp\/v2\/media\/142559"}],"wp:attachment":[{"href":"https:\/\/www.caririemacao.com\/1\/wp-json\/wp\/v2\/media?parent=142557"}],"wp:term":[{"taxonomy":"category","embeddable":true,"href":"https:\/\/www.caririemacao.com\/1\/wp-json\/wp\/v2\/categories?post=142557"},{"taxonomy":"post_tag","embeddable":true,"href":"https:\/\/www.caririemacao.com\/1\/wp-json\/wp\/v2\/tags?post=142557"}],"curies":[{"name":"wp","href":"https:\/\/api.w.org\/{rel}","templated":true}]}}