{"id":142567,"date":"2019-12-23T14:17:43","date_gmt":"2019-12-23T17:17:43","guid":{"rendered":"http:\/\/www.caririemacao.com\/1\/?p=142567"},"modified":"2019-12-23T14:17:43","modified_gmt":"2019-12-23T17:17:43","slug":"pm-prende-suspeito-de-agredir-esposa-e-ferir-com-facao-homem-que-tentou-impedir-violencia","status":"publish","type":"post","link":"https:\/\/www.caririemacao.com\/1\/2019\/12\/23\/pm-prende-suspeito-de-agredir-esposa-e-ferir-com-facao-homem-que-tentou-impedir-violencia\/","title":{"rendered":"PM prende suspeito de agredir esposa e ferir com fac\u00e3o homem que tentou impedir viol\u00eancia"},"content":{"rendered":"\n<p>A Pol\u00edcia Militar prendeu um homem suspeito de atingir outro com golpes de fac\u00e3o na m\u00e3o. O ferido estaria impedindo que o acusado agredisse a pr\u00f3pria esposa, nesse domingo (22), em Cuitegi, na Para\u00edba.<\/p>\n\n\n\n<p>Os policiais do 4\u00ba BPM (Batalh\u00e3o de Pol\u00edcia Militar) foram acionados e o suspeito ainda tentou fugir ao avistar a aproxima\u00e7\u00e3o da viatura, mas foi perseguido e foi preso ainda com o fac\u00e3o usado para lesionar a outro homem.<\/p>\n\n\n\n<p>A mulher espancada j\u00e1 havia sido socorrida. O preso foi levado \u00e0 delegacia para prestar depoimento.<\/p>\n","protected":false},"excerpt":{"rendered":"<p>A Pol\u00edcia Militar prendeu um homem suspeito de atingir outro com golpes de fac\u00e3o na m\u00e3o. O ferido estaria impedindo que o acusado agredisse a&hellip; <\/p>\n","protected":false},"author":1,"featured_media":3750,"comment_status":"closed","ping_status":"closed","sticky":false,"template":"","format":"standard","meta":{"sfsi_plus_gutenberg_text_before_share":"","sfsi_plus_gutenberg_show_text_before_share":"","sfsi_plus_gutenberg_icon_type":"","sfsi_plus_gutenberg_icon_alignemt":"","sfsi_plus_gutenburg_max_per_row":"","footnotes":""},"categories":[12],"tags":[],"class_list":["post-142567","post","type-post","status-publish","format-standard","has-post-thumbnail","hentry","category-policia"],"_links":{"self":[{"href":"https:\/\/www.caririemacao.com\/1\/wp-json\/wp\/v2\/posts\/142567","targetHints":{"allow":["GET"]}}],"collection":[{"href":"https:\/\/www.caririemacao.com\/1\/wp-json\/wp\/v2\/posts"}],"about":[{"href":"https:\/\/www.caririemacao.com\/1\/wp-json\/wp\/v2\/types\/post"}],"author":[{"embeddable":true,"href":"https:\/\/www.caririemacao.com\/1\/wp-json\/wp\/v2\/users\/1"}],"replies":[{"embeddable":true,"href":"https:\/\/www.caririemacao.com\/1\/wp-json\/wp\/v2\/comments?post=142567"}],"version-history":[{"count":1,"href":"https:\/\/www.caririemacao.com\/1\/wp-json\/wp\/v2\/posts\/142567\/revisions"}],"predecessor-version":[{"id":142568,"href":"https:\/\/www.caririemacao.com\/1\/wp-json\/wp\/v2\/posts\/142567\/revisions\/142568"}],"wp:featuredmedia":[{"embeddable":true,"href":"https:\/\/www.caririemacao.com\/1\/wp-json\/wp\/v2\/media\/3750"}],"wp:attachment":[{"href":"https:\/\/www.caririemacao.com\/1\/wp-json\/wp\/v2\/media?parent=142567"}],"wp:term":[{"taxonomy":"category","embeddable":true,"href":"https:\/\/www.caririemacao.com\/1\/wp-json\/wp\/v2\/categories?post=142567"},{"taxonomy":"post_tag","embeddable":true,"href":"https:\/\/www.caririemacao.com\/1\/wp-json\/wp\/v2\/tags?post=142567"}],"curies":[{"name":"wp","href":"https:\/\/api.w.org\/{rel}","templated":true}]}}