{"id":142577,"date":"2019-12-23T15:04:47","date_gmt":"2019-12-23T18:04:47","guid":{"rendered":"http:\/\/www.caririemacao.com\/1\/?p=142577"},"modified":"2019-12-23T15:04:47","modified_gmt":"2019-12-23T18:04:47","slug":"fas-e-amigos-se-despedem-de-dejinha-de-monteiro-veja-fotos","status":"publish","type":"post","link":"https:\/\/www.caririemacao.com\/1\/2019\/12\/23\/fas-e-amigos-se-despedem-de-dejinha-de-monteiro-veja-fotos\/","title":{"rendered":"F\u00e3s e amigos se despedem de Dejinha de Monteiro; veja fotos"},"content":{"rendered":"\n<p>Um grande p\u00fablico compareceu na manh\u00e3 desta segunda-feira (23) para o vel\u00f3rio e sepultamento do cantor, sanfoneiro e compositor, Dejinha de Monteiro, que faleceu no \u00faltimo domingo (22) em Jo\u00e3o Pessoa, em decorr\u00eancia de um c\u00e2ncer.<\/p>\n\n\n\n<p>O corpo do artista foi velado na Igreja Matriz de Nossa Senhora deas Dores e \u00e0s 9h, seguiu para o sepultamento. Dejinha tinha 67 anos e era uma refer\u00eancia musical da Para\u00edba e do Nordeste.<\/p>\n\n\n\n<p>Veja imagens do vel\u00f3rio pelas lentes do fotografo, Asley Ravel.<\/p>\n\n\n\n<p>Blog Bruno Lira <\/p>\n\n\n\n<p><strong>VEJA AS FOTOS<\/strong>: https:\/\/www.facebook.com\/pg\/CaririEmAcao\/photos\/?tab=album&amp;album_id=1754083031394379<\/p>\n","protected":false},"excerpt":{"rendered":"<p>Um grande p\u00fablico compareceu na manh\u00e3 desta segunda-feira (23) para o vel\u00f3rio e sepultamento do cantor, sanfoneiro e compositor, Dejinha de Monteiro, que faleceu no&hellip; <\/p>\n","protected":false},"author":1,"featured_media":142578,"comment_status":"closed","ping_status":"closed","sticky":false,"template":"","format":"standard","meta":{"sfsi_plus_gutenberg_text_before_share":"","sfsi_plus_gutenberg_show_text_before_share":"","sfsi_plus_gutenberg_icon_type":"","sfsi_plus_gutenberg_icon_alignemt":"","sfsi_plus_gutenburg_max_per_row":"","footnotes":""},"categories":[2],"tags":[],"class_list":["post-142577","post","type-post","status-publish","format-standard","has-post-thumbnail","hentry","category-geral"],"_links":{"self":[{"href":"https:\/\/www.caririemacao.com\/1\/wp-json\/wp\/v2\/posts\/142577","targetHints":{"allow":["GET"]}}],"collection":[{"href":"https:\/\/www.caririemacao.com\/1\/wp-json\/wp\/v2\/posts"}],"about":[{"href":"https:\/\/www.caririemacao.com\/1\/wp-json\/wp\/v2\/types\/post"}],"author":[{"embeddable":true,"href":"https:\/\/www.caririemacao.com\/1\/wp-json\/wp\/v2\/users\/1"}],"replies":[{"embeddable":true,"href":"https:\/\/www.caririemacao.com\/1\/wp-json\/wp\/v2\/comments?post=142577"}],"version-history":[{"count":1,"href":"https:\/\/www.caririemacao.com\/1\/wp-json\/wp\/v2\/posts\/142577\/revisions"}],"predecessor-version":[{"id":142579,"href":"https:\/\/www.caririemacao.com\/1\/wp-json\/wp\/v2\/posts\/142577\/revisions\/142579"}],"wp:featuredmedia":[{"embeddable":true,"href":"https:\/\/www.caririemacao.com\/1\/wp-json\/wp\/v2\/media\/142578"}],"wp:attachment":[{"href":"https:\/\/www.caririemacao.com\/1\/wp-json\/wp\/v2\/media?parent=142577"}],"wp:term":[{"taxonomy":"category","embeddable":true,"href":"https:\/\/www.caririemacao.com\/1\/wp-json\/wp\/v2\/categories?post=142577"},{"taxonomy":"post_tag","embeddable":true,"href":"https:\/\/www.caririemacao.com\/1\/wp-json\/wp\/v2\/tags?post=142577"}],"curies":[{"name":"wp","href":"https:\/\/api.w.org\/{rel}","templated":true}]}}