{"id":142582,"date":"2019-12-23T15:08:23","date_gmt":"2019-12-23T18:08:23","guid":{"rendered":"http:\/\/www.caririemacao.com\/1\/?p=142582"},"modified":"2019-12-23T15:08:23","modified_gmt":"2019-12-23T18:08:23","slug":"sob-forte-comocao-corpo-do-cantor-dejinha-de-monteiro-e-sepultado","status":"publish","type":"post","link":"https:\/\/www.caririemacao.com\/1\/2019\/12\/23\/sob-forte-comocao-corpo-do-cantor-dejinha-de-monteiro-e-sepultado\/","title":{"rendered":"Sob forte como\u00e7\u00e3o, corpo do cantor Dejinha de Monteiro \u00e9 sepultado"},"content":{"rendered":"\n<p>Milhares de pessoas participaram nesta segunda-feira (23), do sepultamento do cantor e compositor Dejinha de Monteiro. O vel\u00f3rio aconteceu at\u00e9 as 9h, na Igreja Matriz, e o corpo seguiu acompanhado por uma multid\u00e3o pelas ruas da cidade, at\u00e9 o cemit\u00e9rio local.<\/p>\n\n\n\n<p>F\u00e3s, amigos, familiares, artistas e lideran\u00e7as pol\u00edticas de toda regi\u00e3o participaram da despedida ao artista monteirense, que comoveu toda regi\u00e3o.<\/p>\n\n\n\n<p>Dejinha de Monteiro, tinha 67 anos, e morreu neste domingo (22), em Jo\u00e3o Pessoa, v\u00edtima de c\u00e2ncer. Dejinha, que nasceu e viveu em Monteiro, munic\u00edpio do Cariri da Para\u00edba, foi refer\u00eancia na composi\u00e7\u00e3o de m\u00fasicas de forr\u00f3, interpretadas por cantores como Fl\u00e1vio Jos\u00e9.<\/p>\n","protected":false},"excerpt":{"rendered":"<p>Milhares de pessoas participaram nesta segunda-feira (23), do sepultamento do cantor e compositor Dejinha de Monteiro. O vel\u00f3rio aconteceu at\u00e9 as 9h, na Igreja Matriz,&hellip; <\/p>\n","protected":false},"author":1,"featured_media":142584,"comment_status":"closed","ping_status":"closed","sticky":false,"template":"","format":"standard","meta":{"sfsi_plus_gutenberg_text_before_share":"","sfsi_plus_gutenberg_show_text_before_share":"","sfsi_plus_gutenberg_icon_type":"","sfsi_plus_gutenberg_icon_alignemt":"","sfsi_plus_gutenburg_max_per_row":"","footnotes":""},"categories":[2],"tags":[],"class_list":["post-142582","post","type-post","status-publish","format-standard","has-post-thumbnail","hentry","category-geral"],"_links":{"self":[{"href":"https:\/\/www.caririemacao.com\/1\/wp-json\/wp\/v2\/posts\/142582","targetHints":{"allow":["GET"]}}],"collection":[{"href":"https:\/\/www.caririemacao.com\/1\/wp-json\/wp\/v2\/posts"}],"about":[{"href":"https:\/\/www.caririemacao.com\/1\/wp-json\/wp\/v2\/types\/post"}],"author":[{"embeddable":true,"href":"https:\/\/www.caririemacao.com\/1\/wp-json\/wp\/v2\/users\/1"}],"replies":[{"embeddable":true,"href":"https:\/\/www.caririemacao.com\/1\/wp-json\/wp\/v2\/comments?post=142582"}],"version-history":[{"count":1,"href":"https:\/\/www.caririemacao.com\/1\/wp-json\/wp\/v2\/posts\/142582\/revisions"}],"predecessor-version":[{"id":142585,"href":"https:\/\/www.caririemacao.com\/1\/wp-json\/wp\/v2\/posts\/142582\/revisions\/142585"}],"wp:featuredmedia":[{"embeddable":true,"href":"https:\/\/www.caririemacao.com\/1\/wp-json\/wp\/v2\/media\/142584"}],"wp:attachment":[{"href":"https:\/\/www.caririemacao.com\/1\/wp-json\/wp\/v2\/media?parent=142582"}],"wp:term":[{"taxonomy":"category","embeddable":true,"href":"https:\/\/www.caririemacao.com\/1\/wp-json\/wp\/v2\/categories?post=142582"},{"taxonomy":"post_tag","embeddable":true,"href":"https:\/\/www.caririemacao.com\/1\/wp-json\/wp\/v2\/tags?post=142582"}],"curies":[{"name":"wp","href":"https:\/\/api.w.org\/{rel}","templated":true}]}}