{"id":142590,"date":"2019-12-23T15:16:38","date_gmt":"2019-12-23T18:16:38","guid":{"rendered":"http:\/\/www.caririemacao.com\/1\/?p=142590"},"modified":"2019-12-23T15:16:38","modified_gmt":"2019-12-23T18:16:38","slug":"finais-do-campeonato-sumeense-de-futebol-aconteceram-neste-final-de-semana","status":"publish","type":"post","link":"https:\/\/www.caririemacao.com\/1\/2019\/12\/23\/finais-do-campeonato-sumeense-de-futebol-aconteceram-neste-final-de-semana\/","title":{"rendered":"Finais do Campeonato Sumeense de Futebol aconteceram neste final de semana"},"content":{"rendered":"\n<p>Neste final de semana, o Departamento de Esportes do munic\u00edpio realizou as finais do Campeonato Sumeense de Veteranos e do Torneio Aberto de Futebol de Campo.<\/p>\n\n\n\n<p>No torneio de Veteranos, a equipe de Veteranos venceu o Botafogo da Pitombeira por 4\u00d72. O terceiro lugar ficou com o Nova Gera\u00e7\u00e3o que venceu o Independente por 3 x 1 nos p\u00eanaltis.<\/p>\n\n\n\n<p>O campe\u00e3o levou como premia\u00e7\u00e3o trof\u00e9u, medalhas e R$ 400,00.&nbsp; O vice-campe\u00e3o ganhou trof\u00e9u, medalhas e R$ 200, o terceiro lugar trof\u00e9us e medalhas.<\/p>\n\n\n\n<div class=\"wp-block-image\"><figure class=\"alignleft\"><img decoding=\"async\" data-src=\"https:\/\/i1.wp.com\/www.vitrinedocariri.com.br\/wp-content\/uploads\/2019\/12\/IMG-20191222-WA0027.jpg?zoom=2&amp;resize=330%2C440&amp;ssl=1\" alt=\"\" class=\"wp-image-60414 lazyload\" src=\"data:image\/svg+xml;base64,PHN2ZyB3aWR0aD0iMSIgaGVpZ2h0PSIxIiB4bWxucz0iaHR0cDovL3d3dy53My5vcmcvMjAwMC9zdmciPjwvc3ZnPg==\" \/><\/figure><\/div>\n\n\n\n<p>Na outra final, o Botafogo do Carro Quebrado venceu o Cruzeiro por 5\u00d72 e se consagrou tricampe\u00e3o do Torneio Aberto de Futebol de Campo.<\/p>\n\n\n\n<p>O campe\u00e3o recebeu trof\u00e9u, medalhas e R$ 1.500,00. O vice-campe\u00e3o ganhou trof\u00e9u, medalhas e R$ 800, o terceiro lugar trof\u00e9u, medalhas e R$ 400,00 e o quarto lugar, trof\u00e9u e R$ 200,00.<\/p>\n\n\n\n<p>O Departamento de Esportes premiou ainda os melhores jogadores da competi\u00e7\u00e3o. A premia\u00e7\u00e3o foi entregue prefeito \u00c9den Duarte, pelo diretor de esportes Paulo Roberto, os vereadores Jos\u00e9 Ant\u00f4nio e Branco Xiliu, e a final contou tamb\u00e9m com a presen\u00e7a do professor Uni\u00e3o, da TV Arapuan.<\/p>\n","protected":false},"excerpt":{"rendered":"<p>Neste final de semana, o Departamento de Esportes do munic\u00edpio realizou as finais do Campeonato Sumeense de Veteranos e do Torneio Aberto de Futebol de&hellip; <\/p>\n","protected":false},"author":1,"featured_media":142593,"comment_status":"closed","ping_status":"closed","sticky":false,"template":"","format":"standard","meta":{"sfsi_plus_gutenberg_text_before_share":"","sfsi_plus_gutenberg_show_text_before_share":"","sfsi_plus_gutenberg_icon_type":"","sfsi_plus_gutenberg_icon_alignemt":"","sfsi_plus_gutenburg_max_per_row":"","footnotes":""},"categories":[13],"tags":[],"class_list":["post-142590","post","type-post","status-publish","format-standard","has-post-thumbnail","hentry","category-esportes"],"_links":{"self":[{"href":"https:\/\/www.caririemacao.com\/1\/wp-json\/wp\/v2\/posts\/142590","targetHints":{"allow":["GET"]}}],"collection":[{"href":"https:\/\/www.caririemacao.com\/1\/wp-json\/wp\/v2\/posts"}],"about":[{"href":"https:\/\/www.caririemacao.com\/1\/wp-json\/wp\/v2\/types\/post"}],"author":[{"embeddable":true,"href":"https:\/\/www.caririemacao.com\/1\/wp-json\/wp\/v2\/users\/1"}],"replies":[{"embeddable":true,"href":"https:\/\/www.caririemacao.com\/1\/wp-json\/wp\/v2\/comments?post=142590"}],"version-history":[{"count":1,"href":"https:\/\/www.caririemacao.com\/1\/wp-json\/wp\/v2\/posts\/142590\/revisions"}],"predecessor-version":[{"id":142594,"href":"https:\/\/www.caririemacao.com\/1\/wp-json\/wp\/v2\/posts\/142590\/revisions\/142594"}],"wp:featuredmedia":[{"embeddable":true,"href":"https:\/\/www.caririemacao.com\/1\/wp-json\/wp\/v2\/media\/142593"}],"wp:attachment":[{"href":"https:\/\/www.caririemacao.com\/1\/wp-json\/wp\/v2\/media?parent=142590"}],"wp:term":[{"taxonomy":"category","embeddable":true,"href":"https:\/\/www.caririemacao.com\/1\/wp-json\/wp\/v2\/categories?post=142590"},{"taxonomy":"post_tag","embeddable":true,"href":"https:\/\/www.caririemacao.com\/1\/wp-json\/wp\/v2\/tags?post=142590"}],"curies":[{"name":"wp","href":"https:\/\/api.w.org\/{rel}","templated":true}]}}