{"id":142598,"date":"2019-12-23T15:19:25","date_gmt":"2019-12-23T18:19:25","guid":{"rendered":"http:\/\/www.caririemacao.com\/1\/?p=142598"},"modified":"2019-12-23T15:19:25","modified_gmt":"2019-12-23T18:19:25","slug":"governador-da-paraiba-reafirma-datas-de-pagamento-do-salario-de-dezembro","status":"publish","type":"post","link":"https:\/\/www.caririemacao.com\/1\/2019\/12\/23\/governador-da-paraiba-reafirma-datas-de-pagamento-do-salario-de-dezembro\/","title":{"rendered":"Governador da Para\u00edba reafirma datas de pagamento do sal\u00e1rio de dezembro"},"content":{"rendered":"\n<p>O governador da Para\u00edba reafirmou nesta segunda-feira (23) as datas de pagamento do sal\u00e1rio de dezembro. Segundo Jo\u00e3o Azev\u00eado informou no Programa Fala Governador, at\u00e9 a segunda-feira (30)&nbsp;todos estar\u00e3o remunerados.<\/p>\n\n\n\n<p>Os pagamentos ser\u00e3o feitos na sexta-feira (27) e na segunda-feira (30).<\/p>\n\n\n\n<p>A segunda parcela do 13\u00ba sal\u00e1rio foi paga no dia 10 de dezembro.<\/p>\n","protected":false},"excerpt":{"rendered":"<p>O governador da Para\u00edba reafirmou nesta segunda-feira (23) as datas de pagamento do sal\u00e1rio de dezembro. Segundo Jo\u00e3o Azev\u00eado informou no Programa Fala Governador, at\u00e9&hellip; <\/p>\n","protected":false},"author":1,"featured_media":86871,"comment_status":"closed","ping_status":"closed","sticky":false,"template":"","format":"standard","meta":{"sfsi_plus_gutenberg_text_before_share":"","sfsi_plus_gutenberg_show_text_before_share":"","sfsi_plus_gutenberg_icon_type":"","sfsi_plus_gutenberg_icon_alignemt":"","sfsi_plus_gutenburg_max_per_row":"","footnotes":""},"categories":[2],"tags":[],"class_list":["post-142598","post","type-post","status-publish","format-standard","has-post-thumbnail","hentry","category-geral"],"_links":{"self":[{"href":"https:\/\/www.caririemacao.com\/1\/wp-json\/wp\/v2\/posts\/142598","targetHints":{"allow":["GET"]}}],"collection":[{"href":"https:\/\/www.caririemacao.com\/1\/wp-json\/wp\/v2\/posts"}],"about":[{"href":"https:\/\/www.caririemacao.com\/1\/wp-json\/wp\/v2\/types\/post"}],"author":[{"embeddable":true,"href":"https:\/\/www.caririemacao.com\/1\/wp-json\/wp\/v2\/users\/1"}],"replies":[{"embeddable":true,"href":"https:\/\/www.caririemacao.com\/1\/wp-json\/wp\/v2\/comments?post=142598"}],"version-history":[{"count":1,"href":"https:\/\/www.caririemacao.com\/1\/wp-json\/wp\/v2\/posts\/142598\/revisions"}],"predecessor-version":[{"id":142599,"href":"https:\/\/www.caririemacao.com\/1\/wp-json\/wp\/v2\/posts\/142598\/revisions\/142599"}],"wp:featuredmedia":[{"embeddable":true,"href":"https:\/\/www.caririemacao.com\/1\/wp-json\/wp\/v2\/media\/86871"}],"wp:attachment":[{"href":"https:\/\/www.caririemacao.com\/1\/wp-json\/wp\/v2\/media?parent=142598"}],"wp:term":[{"taxonomy":"category","embeddable":true,"href":"https:\/\/www.caririemacao.com\/1\/wp-json\/wp\/v2\/categories?post=142598"},{"taxonomy":"post_tag","embeddable":true,"href":"https:\/\/www.caririemacao.com\/1\/wp-json\/wp\/v2\/tags?post=142598"}],"curies":[{"name":"wp","href":"https:\/\/api.w.org\/{rel}","templated":true}]}}