{"id":142601,"date":"2019-12-23T15:22:20","date_gmt":"2019-12-23T18:22:20","guid":{"rendered":"http:\/\/www.caririemacao.com\/1\/?p=142601"},"modified":"2019-12-23T15:22:20","modified_gmt":"2019-12-23T18:22:20","slug":"datafolha-parte-da-populacao-avalia-que-governo-errou-na-crise-do-oleo-no-nordeste","status":"publish","type":"post","link":"https:\/\/www.caririemacao.com\/1\/2019\/12\/23\/datafolha-parte-da-populacao-avalia-que-governo-errou-na-crise-do-oleo-no-nordeste\/","title":{"rendered":"Datafolha: Parte da popula\u00e7\u00e3o avalia que governo errou na crise do \u00f3leo no Nordeste"},"content":{"rendered":"\n<p>Para 42% da popula\u00e7\u00e3o, o governo Jair Bolsonaro teve um desempenho ruim ou p\u00e9ssimo para lidar com o&nbsp;<a href=\"https:\/\/paraibaonline.com.br\/2019\/12\/litoral-do-nordeste-enfrenta-dupla-poluicao-esgoto-e-oleo\/\">vazamento de \u00f3leo que atinge o litoral brasileiro<\/a>&nbsp;desde o fim de agosto. Outros 31% consideram a a\u00e7\u00e3o do governo regular e 23%, \u00f3tima ou boa.<\/p>\n\n\n\n<p>J\u00e1 no Nordeste, regi\u00e3o mais afetada pelas manchas de \u00f3leo, a avalia\u00e7\u00e3o negativa \u00e9 maior. Metade da popula\u00e7\u00e3o nordestina considera ruim ou p\u00e9ssimo o desempenho de Bolsonaro em rela\u00e7\u00e3o \u00e0 crise.<\/p>\n\n\n\n<p>Manchas de \u00f3leo apareceram primeiro na Para\u00edba e se espalharam por todos os estados nordestinos. No Sudeste, apareceu em quantidades menores no Esp\u00edrito Santo no in\u00edcio de novembro e mais tarde no norte do Rio de Janeiro.<\/p>\n\n\n\n<p>Os dados da pesquisa Datafolha, feita com 2.948 pessoas acima de 16 anos em 176 munic\u00edpios nos dias 5 e 6 de dezembro de 2019, mostram que a maior parte dos brasileiros (92%) tomou conhecimento do maior desastre ambiental em extens\u00e3o no litoral do pa\u00eds. O incidente afetou turismo e pesca e fez com que praias paradis\u00edacas ficassem cobertas de grandes manchas negras.<\/p>\n\n\n\n<p>At\u00e9 o momento, 972 pontos foram afetados, e mais de cem animais morreram ap\u00f3s contato com o petr\u00f3leo \u2013a maioria s\u00e3o tartarugas marinhas.<\/p>\n\n\n\n<p>A opini\u00e3o de empres\u00e1rios em rela\u00e7\u00e3o \u00e0s a\u00e7\u00f5es do governo para conter o \u00f3leo vai no caminho oposto do que pensa os brasileiros em geral.<\/p>\n\n\n\n<p>Para 46% dos empreendedores, as respostas de Bolsonaro em rela\u00e7\u00e3o ao desastre foram consideradas \u00f3timas. J\u00e1 60% dos estudantes consideraram-nas ruins ou p\u00e9ssimas.<\/p>\n\n\n\n<p>Al\u00e9m de parte da popula\u00e7\u00e3o, especialistas e ambientalistas veem problemas no desempenho do governo e, durante meses, apontaram erros e cobraram aten\u00e7\u00e3o ao caso.<\/p>\n\n\n\n<p>\u201cA resposta foi muito aqu\u00e9m da necess\u00e1ria, tanto para a investiga\u00e7\u00e3o da origem do \u00f3leo como nos processos pouco transparentes com que o Brasil conduziu essa gest\u00e3o\u201d, diz Mauricio Voivodic, diretor-executivo da ONG WWF-Brasil.<\/p>\n\n\n\n<p>\u201cA transpar\u00eancia d\u00e1 seguran\u00e7a para a popula\u00e7\u00e3o, e a falta dela deixou todos n\u00f3s muito preocupados e inseguros. Estamos assim at\u00e9 hoje.\u201d<\/p>\n\n\n\n<p>O primeiro pronunciamento oficial em rede nacional sobre o vazamento de \u00f3leo ocorreu 55 dias ap\u00f3s seu in\u00edcio. Um site para centralizar informa\u00e7\u00f5es foi colocado no ar 56 dias depois.<\/p>\n\n\n\n<p>O presidente Jair Bolsonaro n\u00e3o visitou nenhuma das \u00e1reas afetadas \u2013em seu lugar, foram o ministro Ricardo Salles (Ambiente) e o presidente do Senado, Davi Alcolumbre (DEM-AP), como presidente interino, em outubro.<\/p>\n\n\n\n<p>Enquanto isso, o governo disparava declara\u00e7\u00f5es sem provas sobre o assunto. Salles insinuou, sem apresentar provas e usando uma imagem antiga, que um navio do Greenpeace poderia ser o respons\u00e1vel pelo vazamento de petr\u00f3leo.<\/p>\n\n\n\n<p>Bolsonaro tamb\u00e9m voltou a atacar as ONGs \u2013acusadas por ele de provocar os inc\u00eandios na Amaz\u00f4nia de agosto \u2013e reclamou de um suposto sil\u00eancio das organiza\u00e7\u00f5es em rela\u00e7\u00e3o ao derramamento de \u00f3leo.<\/p>\n\n\n\n<p>Enquanto \u00f3rg\u00e3os ambientais estaduais e bi\u00f3logos recomendavam cautela no consumo de animais e no contato com a \u00e1gua e a areia atingidas pelo \u00f3leo, Jorge Seif Junior, secret\u00e1rio de Aquicultura e Pesca, afirmou, em uma das lives semanais do presidente, a frase de repercuss\u00e3o que at\u00e9 apareceu em prova do vestibular da UECE (Universidade Estadual do Cear\u00e1):<\/p>\n\n\n\n<p>\u201cO peixe \u00e9 um bicho inteligente. Quando ele v\u00ea uma manta de \u00f3leo ali, capit\u00e3o, ele foge, ele tem medo. Ent\u00e3o, obviamente, voc\u00ea pode consumir o seu peixinho sem problema nenhum.\u201d.<\/p>\n\n\n\n<p>Segundo reportagem do jornal Folha de S.Paulo, um dos motivos que podem explicar a demora na a\u00e7\u00e3o foi a extin\u00e7\u00e3o pelo governo Bolsonaro, em abril deste ano, de conselhos respons\u00e1veis pela resposta a desastres com \u00f3leo.<\/p>\n\n\n\n<p>Foram extintos os comit\u00eas Executivo e o de Suporte do Plano Nacional de Conting\u00eancia para Incidentes de Polui\u00e7\u00e3o por \u00d3leo em \u00c1gua (PNC), criado durante a governo Dilma Rousseff (PT).<\/p>\n\n\n\n<p>Um manual para direcionar as a\u00e7\u00f5es do governo e colocar ou n\u00e3o o PNC em pr\u00e1tica em caso de desastre tamb\u00e9m aponta a demora da gest\u00e3o Bolsonaro em agir. Com 35 perguntas, o manual ajuda a avaliar a magnitude do problema e se h\u00e1 necessidade de dar prosseguimento ao plano.<\/p>\n\n\n\n<p>Entre as perguntas est\u00e3o: a fonte de descarga n\u00e3o foi controlada? H\u00e1 possibilidade de ampliar a(s) \u00e1rea(s) impactada(s)? H\u00e1 possibilidade de o \u00f3leo causar impactos ambientais de relevante como\u00e7\u00e3o social? H\u00e1 possibilidade de o \u00f3leo afetar \u00e1rea de import\u00e2ncia socioecon\u00f4mica?<\/p>\n\n\n\n<p>As respostas positivas para as quest\u00f5es acima no caso desse \u00faltimo vazamento indicam que o plano poderia ter sido acionado logo nos primeiros dias do desastre.<\/p>\n\n\n\n<p>Quando isso ocorre, um coordenador operacional \u00e9 designado para acompanhar o vazamento, o que s\u00f3 foi feito em 11 de outubro em of\u00edcio interno pelo ministro Ricardo Salles (Meio Ambiente).<\/p>\n\n\n\n<p>Naquela data, 43 dias ap\u00f3s o in\u00edcio das manchas, 155 locais e todos os estados do Nordeste j\u00e1 tinham sido afetados.<\/p>\n\n\n\n<p>Outra prova da a\u00e7\u00e3o insuficiente do governo \u00e9 a grande quantidade de trabalho de volunt\u00e1rios empenhados em limpar as praias.<\/p>\n\n\n\n<p>Muitos pescadores, moradores e donos de pousadas se arriscaram e tiraram \u00f3leo das praias com as pr\u00f3prias m\u00e3os, com pouca ou nenhuma prote\u00e7\u00e3o para as vias respirat\u00f3rias e os olhos.<\/p>\n\n\n\n<p>Especialistas alertaram para o risco de intoxica\u00e7\u00e3o ao respirar o \u00f3leo e ter contato com o material, e volunt\u00e1rios depois foram hospitalizados com ardor nos olhos, dor de cabe\u00e7a forte, falta de ar, c\u00f3lica, n\u00e1usea e coceiras no corpo. Ap\u00f3s meses de limpeza, relatos de exaust\u00e3o e estafa mental eram comuns.<\/p>\n\n\n\n<p>\u00c9 preciso considerar, por\u00e9m, que o petr\u00f3leo viajou abaixo da superf\u00edcie do mar, o que dificultou a sua detec\u00e7\u00e3o por sat\u00e9lite e a remo\u00e7\u00e3o.<\/p>\n\n\n\n<p>O causador da crise ainda \u00e9 uma inc\u00f3gnita. Em novembro, a Pol\u00edcia Federal cumpriu mandados de busca e apreens\u00e3o em uma ag\u00eancia mar\u00edtima no Rio, e tinha como alvo o navio Bouboulina, de bandeira grega. Ele apareceu como suspeito em an\u00e1lise da empresa privada Hex Tecnologia.<\/p>\n\n\n\n<p>Na \u00faltima quinta (18), por\u00e9m, o coordenador-geral do Cenima (Centro Nacional de Monitoramento e Informa\u00e7\u00f5es Ambientais), Pedro Bignelli, disse em depoimento na C\u00e2mara para a CPI do \u00f3leo que o Ibama havia rejeitado o relat\u00f3rio da Hex.<\/p>\n","protected":false},"excerpt":{"rendered":"<p>Para 42% da popula\u00e7\u00e3o, o governo Jair Bolsonaro teve um desempenho ruim ou p\u00e9ssimo para lidar com o&nbsp;vazamento de \u00f3leo que atinge o litoral brasileiro&nbsp;desde&hellip; <\/p>\n","protected":false},"author":1,"featured_media":142602,"comment_status":"closed","ping_status":"closed","sticky":false,"template":"","format":"standard","meta":{"sfsi_plus_gutenberg_text_before_share":"","sfsi_plus_gutenberg_show_text_before_share":"","sfsi_plus_gutenberg_icon_type":"","sfsi_plus_gutenberg_icon_alignemt":"","sfsi_plus_gutenburg_max_per_row":"","footnotes":""},"categories":[2],"tags":[],"class_list":["post-142601","post","type-post","status-publish","format-standard","has-post-thumbnail","hentry","category-geral"],"_links":{"self":[{"href":"https:\/\/www.caririemacao.com\/1\/wp-json\/wp\/v2\/posts\/142601","targetHints":{"allow":["GET"]}}],"collection":[{"href":"https:\/\/www.caririemacao.com\/1\/wp-json\/wp\/v2\/posts"}],"about":[{"href":"https:\/\/www.caririemacao.com\/1\/wp-json\/wp\/v2\/types\/post"}],"author":[{"embeddable":true,"href":"https:\/\/www.caririemacao.com\/1\/wp-json\/wp\/v2\/users\/1"}],"replies":[{"embeddable":true,"href":"https:\/\/www.caririemacao.com\/1\/wp-json\/wp\/v2\/comments?post=142601"}],"version-history":[{"count":1,"href":"https:\/\/www.caririemacao.com\/1\/wp-json\/wp\/v2\/posts\/142601\/revisions"}],"predecessor-version":[{"id":142603,"href":"https:\/\/www.caririemacao.com\/1\/wp-json\/wp\/v2\/posts\/142601\/revisions\/142603"}],"wp:featuredmedia":[{"embeddable":true,"href":"https:\/\/www.caririemacao.com\/1\/wp-json\/wp\/v2\/media\/142602"}],"wp:attachment":[{"href":"https:\/\/www.caririemacao.com\/1\/wp-json\/wp\/v2\/media?parent=142601"}],"wp:term":[{"taxonomy":"category","embeddable":true,"href":"https:\/\/www.caririemacao.com\/1\/wp-json\/wp\/v2\/categories?post=142601"},{"taxonomy":"post_tag","embeddable":true,"href":"https:\/\/www.caririemacao.com\/1\/wp-json\/wp\/v2\/tags?post=142601"}],"curies":[{"name":"wp","href":"https:\/\/api.w.org\/{rel}","templated":true}]}}