{"id":142610,"date":"2019-12-24T06:53:07","date_gmt":"2019-12-24T09:53:07","guid":{"rendered":"http:\/\/www.caririemacao.com\/1\/?p=142610"},"modified":"2019-12-24T06:53:07","modified_gmt":"2019-12-24T09:53:07","slug":"ministerio-publico-entra-com-recurso-contra-soltura-de-ricardo-coutinho","status":"publish","type":"post","link":"https:\/\/www.caririemacao.com\/1\/2019\/12\/24\/ministerio-publico-entra-com-recurso-contra-soltura-de-ricardo-coutinho\/","title":{"rendered":"Minist\u00e9rio P\u00fablico entra com recurso contra soltura de Ricardo Coutinho"},"content":{"rendered":"\n<p>A procuradoria Geral da Rep\u00fablica entrou nesta segunda-feira (23) com um recurso no Superior Tribunal de Justi\u00e7a (STJ) contra a decis\u00e3o do ministro Napole\u00e3o Maia de soltar o ex-governador Ricardo Coutinho (PSB), preso ap\u00f3s uma decis\u00e3o do desembargador Ricardo Vital, no \u00e2mbito da Opera\u00e7\u00e3o Calv\u00e1rio \u2013 Ju\u00edzo Final.<\/p>\n\n\n\n<p>Em um trecho do documento o vice-procurador-geral eleitoral, Humberto Jacques de Medeiros cita que:<\/p>\n\n\n\n<p>\u201cH\u00e1 urg\u00eancia, pois, na restaura\u00e7\u00e3o da integralidade da decis\u00e3o da Justi\u00e7a do Estado da Para\u00edba. A liberdade de pacientes possui efeitos delet\u00e9rios incrementais, mas indiscutivelmente a soltura do chefe m\u00e1ximo, em situa\u00e7\u00e3o de disparidade com outros atores da organiza\u00e7\u00e3o criminosa, refor\u00e7a em demasia a cultura do poder de fato e a inexpugnabilidade de sua pessoa, fiadora pol\u00edtica e garante material da for\u00e7a e perman\u00eancia do organiza\u00e7\u00e3o criminosa no espa\u00e7o p\u00fablico do Estado\u201d.<\/p>\n\n\n\n<p>Veja o documento completo&nbsp;<a href=\"https:\/\/paraibaonline.com.br\/wp-content\/uploads\/2019\/12\/RECURSO-PGR.pdf\">AQUI<\/a><\/p>\n\n\n\n<p>Mais Informa\u00e7\u00f5es em instantes.<\/p>\n","protected":false},"excerpt":{"rendered":"<p>A procuradoria Geral da Rep\u00fablica entrou nesta segunda-feira (23) com um recurso no Superior Tribunal de Justi\u00e7a (STJ) contra a decis\u00e3o do ministro Napole\u00e3o Maia&hellip; <\/p>\n","protected":false},"author":1,"featured_media":89626,"comment_status":"closed","ping_status":"closed","sticky":false,"template":"","format":"standard","meta":{"sfsi_plus_gutenberg_text_before_share":"","sfsi_plus_gutenberg_show_text_before_share":"","sfsi_plus_gutenberg_icon_type":"","sfsi_plus_gutenberg_icon_alignemt":"","sfsi_plus_gutenburg_max_per_row":"","footnotes":""},"categories":[11],"tags":[],"class_list":["post-142610","post","type-post","status-publish","format-standard","has-post-thumbnail","hentry","category-politica"],"_links":{"self":[{"href":"https:\/\/www.caririemacao.com\/1\/wp-json\/wp\/v2\/posts\/142610","targetHints":{"allow":["GET"]}}],"collection":[{"href":"https:\/\/www.caririemacao.com\/1\/wp-json\/wp\/v2\/posts"}],"about":[{"href":"https:\/\/www.caririemacao.com\/1\/wp-json\/wp\/v2\/types\/post"}],"author":[{"embeddable":true,"href":"https:\/\/www.caririemacao.com\/1\/wp-json\/wp\/v2\/users\/1"}],"replies":[{"embeddable":true,"href":"https:\/\/www.caririemacao.com\/1\/wp-json\/wp\/v2\/comments?post=142610"}],"version-history":[{"count":1,"href":"https:\/\/www.caririemacao.com\/1\/wp-json\/wp\/v2\/posts\/142610\/revisions"}],"predecessor-version":[{"id":142612,"href":"https:\/\/www.caririemacao.com\/1\/wp-json\/wp\/v2\/posts\/142610\/revisions\/142612"}],"wp:featuredmedia":[{"embeddable":true,"href":"https:\/\/www.caririemacao.com\/1\/wp-json\/wp\/v2\/media\/89626"}],"wp:attachment":[{"href":"https:\/\/www.caririemacao.com\/1\/wp-json\/wp\/v2\/media?parent=142610"}],"wp:term":[{"taxonomy":"category","embeddable":true,"href":"https:\/\/www.caririemacao.com\/1\/wp-json\/wp\/v2\/categories?post=142610"},{"taxonomy":"post_tag","embeddable":true,"href":"https:\/\/www.caririemacao.com\/1\/wp-json\/wp\/v2\/tags?post=142610"}],"curies":[{"name":"wp","href":"https:\/\/api.w.org\/{rel}","templated":true}]}}