{"id":142614,"date":"2019-12-24T06:55:33","date_gmt":"2019-12-24T09:55:33","guid":{"rendered":"http:\/\/www.caririemacao.com\/1\/?p=142614"},"modified":"2019-12-24T06:55:33","modified_gmt":"2019-12-24T09:55:33","slug":"bolsonaro-sofre-acidente-domestico-e-e-levado-ao-hospital-das-forcas-armadas","status":"publish","type":"post","link":"https:\/\/www.caririemacao.com\/1\/2019\/12\/24\/bolsonaro-sofre-acidente-domestico-e-e-levado-ao-hospital-das-forcas-armadas\/","title":{"rendered":"Bolsonaro sofre acidente dom\u00e9stico e \u00e9 levado ao Hospital das For\u00e7as Armadas"},"content":{"rendered":"\n<p>O presidente da Rep\u00fablica Jair Bolsonaro sofreu um acidente dom\u00e9stico, na noite desta segunda-feira (23), e precisou ser levado ao Hospital das For\u00e7as Armadas. De acordo com as primeiras informa\u00e7\u00f5es, ele teria ca\u00eddo em um dos banheiros do Pal\u00e1cio da Alvorada e batido a cabe\u00e7a.<\/p>\n\n\n\n<p>O jornal O Estado de S. Paulo informou que&nbsp;ele foi socorrido consciente e orientado e o caso n\u00e3o seria grave, por\u00e9m ele precisaria de repouso.&nbsp;<\/p>\n\n\n\n<p>Segundo um interlocutor do presidente, a situa\u00e7\u00e3o \u00e9 \u201ctranquila\u201d.<\/p>\n","protected":false},"excerpt":{"rendered":"<p>O presidente da Rep\u00fablica Jair Bolsonaro sofreu um acidente dom\u00e9stico, na noite desta segunda-feira (23), e precisou ser levado ao Hospital das For\u00e7as Armadas. De&hellip; <\/p>\n","protected":false},"author":1,"featured_media":142615,"comment_status":"closed","ping_status":"closed","sticky":false,"template":"","format":"standard","meta":{"sfsi_plus_gutenberg_text_before_share":"","sfsi_plus_gutenberg_show_text_before_share":"","sfsi_plus_gutenberg_icon_type":"","sfsi_plus_gutenberg_icon_alignemt":"","sfsi_plus_gutenburg_max_per_row":"","footnotes":""},"categories":[11],"tags":[],"class_list":["post-142614","post","type-post","status-publish","format-standard","has-post-thumbnail","hentry","category-politica"],"_links":{"self":[{"href":"https:\/\/www.caririemacao.com\/1\/wp-json\/wp\/v2\/posts\/142614","targetHints":{"allow":["GET"]}}],"collection":[{"href":"https:\/\/www.caririemacao.com\/1\/wp-json\/wp\/v2\/posts"}],"about":[{"href":"https:\/\/www.caririemacao.com\/1\/wp-json\/wp\/v2\/types\/post"}],"author":[{"embeddable":true,"href":"https:\/\/www.caririemacao.com\/1\/wp-json\/wp\/v2\/users\/1"}],"replies":[{"embeddable":true,"href":"https:\/\/www.caririemacao.com\/1\/wp-json\/wp\/v2\/comments?post=142614"}],"version-history":[{"count":1,"href":"https:\/\/www.caririemacao.com\/1\/wp-json\/wp\/v2\/posts\/142614\/revisions"}],"predecessor-version":[{"id":142616,"href":"https:\/\/www.caririemacao.com\/1\/wp-json\/wp\/v2\/posts\/142614\/revisions\/142616"}],"wp:featuredmedia":[{"embeddable":true,"href":"https:\/\/www.caririemacao.com\/1\/wp-json\/wp\/v2\/media\/142615"}],"wp:attachment":[{"href":"https:\/\/www.caririemacao.com\/1\/wp-json\/wp\/v2\/media?parent=142614"}],"wp:term":[{"taxonomy":"category","embeddable":true,"href":"https:\/\/www.caririemacao.com\/1\/wp-json\/wp\/v2\/categories?post=142614"},{"taxonomy":"post_tag","embeddable":true,"href":"https:\/\/www.caririemacao.com\/1\/wp-json\/wp\/v2\/tags?post=142614"}],"curies":[{"name":"wp","href":"https:\/\/api.w.org\/{rel}","templated":true}]}}