{"id":142620,"date":"2019-12-24T08:46:59","date_gmt":"2019-12-24T11:46:59","guid":{"rendered":"http:\/\/www.caririemacao.com\/1\/?p=142620"},"modified":"2019-12-24T08:46:59","modified_gmt":"2019-12-24T11:46:59","slug":"presidente-jair-bolsonaro-tem-alta-em-brasilia","status":"publish","type":"post","link":"https:\/\/www.caririemacao.com\/1\/2019\/12\/24\/presidente-jair-bolsonaro-tem-alta-em-brasilia\/","title":{"rendered":"Presidente Jair Bolsonaro tem alta em Bras\u00edlia"},"content":{"rendered":"\n<p>O presidente Jair Bolsonaro deixou na manh\u00e3 de hoje (24) o Hospital das For\u00e7as Armadas, em Bras\u00edlia, onde passou a noite em observa\u00e7\u00e3o ap\u00f3s sofrer uma queda na noite de ontem no Pal\u00e1cio da Alvorada.<\/p>\n\n\n\n<p>De acordo com nota emitida pelo Pal\u00e1cio do Planalto, o presidente foi atendido pela equipe m\u00e9dica da Presid\u00eancia da Rep\u00fablica e levado ao Hospital das For\u00e7as Armadas.<\/p>\n\n\n\n<p>Foi submetido ao exame de tomografia computadorizada do cr\u00e2nio, que n\u00e3o detectou altera\u00e7\u00f5es, e passou a noite bem.<\/p>\n","protected":false},"excerpt":{"rendered":"<p>O presidente Jair Bolsonaro deixou na manh\u00e3 de hoje (24) o Hospital das For\u00e7as Armadas, em Bras\u00edlia, onde passou a noite em observa\u00e7\u00e3o ap\u00f3s sofrer&hellip; <\/p>\n","protected":false},"author":1,"featured_media":129288,"comment_status":"closed","ping_status":"closed","sticky":false,"template":"","format":"standard","meta":{"sfsi_plus_gutenberg_text_before_share":"","sfsi_plus_gutenberg_show_text_before_share":"","sfsi_plus_gutenberg_icon_type":"","sfsi_plus_gutenberg_icon_alignemt":"","sfsi_plus_gutenburg_max_per_row":"","footnotes":""},"categories":[11],"tags":[],"class_list":["post-142620","post","type-post","status-publish","format-standard","has-post-thumbnail","hentry","category-politica"],"_links":{"self":[{"href":"https:\/\/www.caririemacao.com\/1\/wp-json\/wp\/v2\/posts\/142620","targetHints":{"allow":["GET"]}}],"collection":[{"href":"https:\/\/www.caririemacao.com\/1\/wp-json\/wp\/v2\/posts"}],"about":[{"href":"https:\/\/www.caririemacao.com\/1\/wp-json\/wp\/v2\/types\/post"}],"author":[{"embeddable":true,"href":"https:\/\/www.caririemacao.com\/1\/wp-json\/wp\/v2\/users\/1"}],"replies":[{"embeddable":true,"href":"https:\/\/www.caririemacao.com\/1\/wp-json\/wp\/v2\/comments?post=142620"}],"version-history":[{"count":1,"href":"https:\/\/www.caririemacao.com\/1\/wp-json\/wp\/v2\/posts\/142620\/revisions"}],"predecessor-version":[{"id":142621,"href":"https:\/\/www.caririemacao.com\/1\/wp-json\/wp\/v2\/posts\/142620\/revisions\/142621"}],"wp:featuredmedia":[{"embeddable":true,"href":"https:\/\/www.caririemacao.com\/1\/wp-json\/wp\/v2\/media\/129288"}],"wp:attachment":[{"href":"https:\/\/www.caririemacao.com\/1\/wp-json\/wp\/v2\/media?parent=142620"}],"wp:term":[{"taxonomy":"category","embeddable":true,"href":"https:\/\/www.caririemacao.com\/1\/wp-json\/wp\/v2\/categories?post=142620"},{"taxonomy":"post_tag","embeddable":true,"href":"https:\/\/www.caririemacao.com\/1\/wp-json\/wp\/v2\/tags?post=142620"}],"curies":[{"name":"wp","href":"https:\/\/api.w.org\/{rel}","templated":true}]}}