{"id":142627,"date":"2019-12-24T08:51:03","date_gmt":"2019-12-24T11:51:03","guid":{"rendered":"http:\/\/www.caririemacao.com\/1\/?p=142627"},"modified":"2019-12-24T08:51:03","modified_gmt":"2019-12-24T11:51:03","slug":"bolsonaro-assina-decreto-beneficiando-policiais-condenados-por-crimes-culposos-com-indulto","status":"publish","type":"post","link":"https:\/\/www.caririemacao.com\/1\/2019\/12\/24\/bolsonaro-assina-decreto-beneficiando-policiais-condenados-por-crimes-culposos-com-indulto\/","title":{"rendered":"Bolsonaro assina decreto beneficiando policiais condenados por crimes culposos com indulto"},"content":{"rendered":"\n<p>O presidente Jair Bolsonaro assinou nesta segunda-feira (23), o decreto que concede indulto natalino a agentes de seguran\u00e7a p\u00fablica que, no exerc\u00edcio da fun\u00e7\u00e3o ou em decorr\u00eancia dela, tenham cometido crimes culposos.&nbsp;O decreto foi publicado na edi\u00e7\u00e3o desta ter\u00e7a-feira (24), do Di\u00e1rio Oficial da Uni\u00e3o e cumpre a promessa do presidente de extinguir a pena de agentes p\u00fablicos como policiais civis, militares e federais.<\/p>\n\n\n\n<figure class=\"wp-block-image\"><img decoding=\"async\" data-src=\"https:\/\/www.clickpb.com.br\/media\/filer_public\/9a\/8c\/9a8c33f2-5800-448d-8417-28d1278833b9\/indulto.png\" alt=\"\" src=\"data:image\/svg+xml;base64,PHN2ZyB3aWR0aD0iMSIgaGVpZ2h0PSIxIiB4bWxucz0iaHR0cDovL3d3dy53My5vcmcvMjAwMC9zdmciPjwvc3ZnPg==\" class=\"lazyload\" \/><\/figure>\n\n\n\n<p><a href=\"http:\/\/www.in.gov.br\/web\/dou\/-\/decreto-n-10.189-de-23-de-dezembro-de-2019-235216175\">Confira a publica\u00e7\u00e3o<\/a><\/p>\n\n\n\n<p>O indulto \u00e9 um benef\u00edcio editado pelo presidente que extingue a pena de condenados. No Brasil, se tornou tradi\u00e7\u00e3o a publica\u00e7\u00e3o na \u00e9poca natalina.&nbsp;<\/p>\n\n\n\n<p>No ano passado, antes de assumir o cargo, Bolsonaro chegou a dizer que n\u00e3o editaria nenhum indulto, mas recuou.<\/p>\n\n\n\n<p>Ainda de acordo a publica\u00e7\u00e3o, o&nbsp;indulto natalino concedido nos termos do disposto no&nbsp;Decreto n\u00e3o abrange os crimes&nbsp;considerados hediondos ou a eles equiparados.<\/p>\n","protected":false},"excerpt":{"rendered":"<p>O presidente Jair Bolsonaro assinou nesta segunda-feira (23), o decreto que concede indulto natalino a agentes de seguran\u00e7a p\u00fablica que, no exerc\u00edcio da fun\u00e7\u00e3o ou&hellip; <\/p>\n","protected":false},"author":1,"featured_media":137299,"comment_status":"closed","ping_status":"closed","sticky":false,"template":"","format":"standard","meta":{"sfsi_plus_gutenberg_text_before_share":"","sfsi_plus_gutenberg_show_text_before_share":"","sfsi_plus_gutenberg_icon_type":"","sfsi_plus_gutenberg_icon_alignemt":"","sfsi_plus_gutenburg_max_per_row":"","footnotes":""},"categories":[11],"tags":[],"class_list":["post-142627","post","type-post","status-publish","format-standard","has-post-thumbnail","hentry","category-politica"],"_links":{"self":[{"href":"https:\/\/www.caririemacao.com\/1\/wp-json\/wp\/v2\/posts\/142627","targetHints":{"allow":["GET"]}}],"collection":[{"href":"https:\/\/www.caririemacao.com\/1\/wp-json\/wp\/v2\/posts"}],"about":[{"href":"https:\/\/www.caririemacao.com\/1\/wp-json\/wp\/v2\/types\/post"}],"author":[{"embeddable":true,"href":"https:\/\/www.caririemacao.com\/1\/wp-json\/wp\/v2\/users\/1"}],"replies":[{"embeddable":true,"href":"https:\/\/www.caririemacao.com\/1\/wp-json\/wp\/v2\/comments?post=142627"}],"version-history":[{"count":1,"href":"https:\/\/www.caririemacao.com\/1\/wp-json\/wp\/v2\/posts\/142627\/revisions"}],"predecessor-version":[{"id":142629,"href":"https:\/\/www.caririemacao.com\/1\/wp-json\/wp\/v2\/posts\/142627\/revisions\/142629"}],"wp:featuredmedia":[{"embeddable":true,"href":"https:\/\/www.caririemacao.com\/1\/wp-json\/wp\/v2\/media\/137299"}],"wp:attachment":[{"href":"https:\/\/www.caririemacao.com\/1\/wp-json\/wp\/v2\/media?parent=142627"}],"wp:term":[{"taxonomy":"category","embeddable":true,"href":"https:\/\/www.caririemacao.com\/1\/wp-json\/wp\/v2\/categories?post=142627"},{"taxonomy":"post_tag","embeddable":true,"href":"https:\/\/www.caririemacao.com\/1\/wp-json\/wp\/v2\/tags?post=142627"}],"curies":[{"name":"wp","href":"https:\/\/api.w.org\/{rel}","templated":true}]}}