{"id":142636,"date":"2019-12-24T08:54:20","date_gmt":"2019-12-24T11:54:20","guid":{"rendered":"http:\/\/www.caririemacao.com\/1\/?p=142636"},"modified":"2019-12-24T08:54:20","modified_gmt":"2019-12-24T11:54:20","slug":"justica-autoriza-revisao-de-aposentadoria-do-inss-com-mais-de-10-anos","status":"publish","type":"post","link":"https:\/\/www.caririemacao.com\/1\/2019\/12\/24\/justica-autoriza-revisao-de-aposentadoria-do-inss-com-mais-de-10-anos\/","title":{"rendered":"Justi\u00e7a autoriza revis\u00e3o de aposentadoria do INSS com mais de 10 anos"},"content":{"rendered":"\n<p>O STJ (Superior Tribunal de Justi\u00e7a) decidiu que o prazo de dez anos para revisar benef\u00edcios do INSS n\u00e3o deve ser aplicado se, durante esse per\u00edodo, o segurado esteve impossibilitado de apresentar alguma prova que poderia aumentar o valor mensal da sua aposentadoria ou pens\u00e3o.<\/p>\n\n\n\n<p>O resultado do julgamento, realizado em 11 de dezembro, foi confirmado pelo IBDP (Instituto Brasileiro de Direito Previdenci\u00e1rio), que acompanhou o processo como amigo da corte, nome dado a quem \u00e9 respons\u00e1vel por fornecer informa\u00e7\u00f5es importantes para a an\u00e1lise do caso. O ac\u00f3rd\u00e3o ainda n\u00e3o foi publicado.<\/p>\n\n\n\n<p>Aposentados e pensionistas do INSS que conseguiram verbas trabalhistas ou o reconhecimento de v\u00ednculos de emprego na Justi\u00e7a do Trabalho, mas cuja conclus\u00e3o do processo ocorreu ap\u00f3s o fim do prazo de revis\u00e3o, ser\u00e3o os principais beneficiados pela decis\u00e3o, segundo a presidente do IBDP, Adriane Bramante.<\/p>\n\n\n\n<p>\u201cA a\u00e7\u00e3o trabalhista gera o t\u00edpico caso em que o benefici\u00e1rio n\u00e3o pode pedir uma revis\u00e3o ao INSS porque ele ainda n\u00e3o tem o resultado do julgamento\u201d, diz Adriane.<\/p>\n\n\n\n<p>\u201cQualquer situa\u00e7\u00e3o em que o processo contra o empregador resultou em aumento do sal\u00e1rio ou em reconhecimento de v\u00ednculo de emprego pode gerar uma revis\u00e3o\u201d, explicou.<\/p>\n\n\n\n<p>A decis\u00e3o do STJ orientar\u00e1 julgamentos de processos com temas id\u00eanticos na primeira e segunda inst\u00e2ncias do Judici\u00e1rio, al\u00e9m de liberar a tramita\u00e7\u00e3o de 1.047 processos suspensos \u2013 o n\u00famero \u00e9 potencialmente maior, pois varas e tribunais nem sempre comunicam quantas das suas a\u00e7\u00f5es est\u00e3o paralisadas.<\/p>\n\n\n\n<p>Positiva para benefici\u00e1rios capazes de demonstrar o motivo da espera para pedir a revis\u00e3o, a posi\u00e7\u00e3o da corte poder\u00e1 dificultar revis\u00f5es al\u00e9m do prazo nos casos em que o argumento n\u00e3o for t\u00e3o consistente quanto a a\u00e7\u00e3o trabalhista.<\/p>\n\n\n\n<p>O IBDP avalia apresentar um pedido de esclarecimento (embargos de declara\u00e7\u00e3o) ao STJ quanto \u00e0 exig\u00eancia de provas para a perda do prazo da revis\u00e3o.<\/p>\n\n\n\n<p>\u201cSer\u00e1 muito dif\u00edcil para o trabalhador comprovar os motivos que levaram \u00e0 perda do prazo\u201d, comenta Adriane Bramante, acrescentando: \u201cVamos esperar a publica\u00e7\u00e3o do ac\u00f3rd\u00e3o para, possivelmente, apresentar um pedido de embargo [esclarecimento] ao STJ\u201d.<\/p>\n","protected":false},"excerpt":{"rendered":"<p>O STJ (Superior Tribunal de Justi\u00e7a) decidiu que o prazo de dez anos para revisar benef\u00edcios do INSS n\u00e3o deve ser aplicado se, durante esse&hellip; <\/p>\n","protected":false},"author":1,"featured_media":5305,"comment_status":"closed","ping_status":"closed","sticky":false,"template":"","format":"standard","meta":{"sfsi_plus_gutenberg_text_before_share":"","sfsi_plus_gutenberg_show_text_before_share":"","sfsi_plus_gutenberg_icon_type":"","sfsi_plus_gutenberg_icon_alignemt":"","sfsi_plus_gutenburg_max_per_row":"","footnotes":""},"categories":[50,2],"tags":[],"class_list":["post-142636","post","type-post","status-publish","format-standard","has-post-thumbnail","hentry","category-destaque","category-geral"],"_links":{"self":[{"href":"https:\/\/www.caririemacao.com\/1\/wp-json\/wp\/v2\/posts\/142636","targetHints":{"allow":["GET"]}}],"collection":[{"href":"https:\/\/www.caririemacao.com\/1\/wp-json\/wp\/v2\/posts"}],"about":[{"href":"https:\/\/www.caririemacao.com\/1\/wp-json\/wp\/v2\/types\/post"}],"author":[{"embeddable":true,"href":"https:\/\/www.caririemacao.com\/1\/wp-json\/wp\/v2\/users\/1"}],"replies":[{"embeddable":true,"href":"https:\/\/www.caririemacao.com\/1\/wp-json\/wp\/v2\/comments?post=142636"}],"version-history":[{"count":1,"href":"https:\/\/www.caririemacao.com\/1\/wp-json\/wp\/v2\/posts\/142636\/revisions"}],"predecessor-version":[{"id":142637,"href":"https:\/\/www.caririemacao.com\/1\/wp-json\/wp\/v2\/posts\/142636\/revisions\/142637"}],"wp:featuredmedia":[{"embeddable":true,"href":"https:\/\/www.caririemacao.com\/1\/wp-json\/wp\/v2\/media\/5305"}],"wp:attachment":[{"href":"https:\/\/www.caririemacao.com\/1\/wp-json\/wp\/v2\/media?parent=142636"}],"wp:term":[{"taxonomy":"category","embeddable":true,"href":"https:\/\/www.caririemacao.com\/1\/wp-json\/wp\/v2\/categories?post=142636"},{"taxonomy":"post_tag","embeddable":true,"href":"https:\/\/www.caririemacao.com\/1\/wp-json\/wp\/v2\/tags?post=142636"}],"curies":[{"name":"wp","href":"https:\/\/api.w.org\/{rel}","templated":true}]}}