{"id":142642,"date":"2019-12-24T09:01:33","date_gmt":"2019-12-24T12:01:33","guid":{"rendered":"http:\/\/www.caririemacao.com\/1\/?p=142642"},"modified":"2019-12-24T09:01:33","modified_gmt":"2019-12-24T12:01:33","slug":"inscricoes-para-o-prouni-comecam-dia-28-de-janeiro","status":"publish","type":"post","link":"https:\/\/www.caririemacao.com\/1\/2019\/12\/24\/inscricoes-para-o-prouni-comecam-dia-28-de-janeiro\/","title":{"rendered":"Inscri\u00e7\u00f5es para o Prouni come\u00e7am dia 28 de janeiro"},"content":{"rendered":"\n<p>As inscri\u00e7\u00f5es para o Programa Universidade para Todos (Prouni) no primeiro semestre de 2020 j\u00e1 t\u00eam data marcada. Estudantes de todo o pa\u00eds poder\u00e3o come\u00e7ar a se inscrever no dia 28 de janeiro. O prazo vai at\u00e9 as 23h59 de 31 de janeiro.<\/p>\n\n\n\n<p>As informa\u00e7\u00f5es sobre o calend\u00e1rio do programa foram publicadas no Di\u00e1rio Oficial da Uni\u00e3o nesta segunda-feira (23), em edital do Mist\u00e9rio da Educa\u00e7\u00e3o. Os interessados podem se inscrever no portal do Prouni.<\/p>\n\n\n\n<p>O ProUni oferta bolsas de estudo integrais (100%) ou de 50% a estudantes de cursos de gradua\u00e7\u00e3o e de cursos sequenciais de forma\u00e7\u00e3o espec\u00edfica, em institui\u00e7\u00f5es privadas de educa\u00e7\u00e3o superior. O programa tem dois crit\u00e9rios de avalia\u00e7\u00e3o: desempenho no Exame Nacional do Ensino M\u00e9dio (Enem) e renda.<\/p>\n\n\n\n<p>Direcionado aos estudantes egressos do ensino m\u00e9dio da rede p\u00fablica ou da rede particular na condi\u00e7\u00e3o de bolsistas integrais, a iniciativa tem sistema informatizado e impessoal para garantir transpar\u00eancia e seguran\u00e7a no processo.<\/p>\n\n\n\n<p>Confira o cronograma<br>\u2013 28 de janeiro a 31 de janeiro \u2013 inscri\u00e7\u00f5es<\/p>\n\n\n\n<p>\u2013 4 de fevereiro \u2013 divulga\u00e7\u00e3o de resultados da primeira chamada<\/p>\n\n\n\n<p>\u2013 4 a 11 de fevereiro \u2013 comprova\u00e7\u00e3o das informa\u00e7\u00f5es e eventual processo seletivo pr\u00f3prio das institui\u00e7\u00f5es (primeira chamada)<\/p>\n\n\n\n<p>\u2013 4 a 14 de fevereiro \u2013 registro no SISPROUNI e emiss\u00e3o dos termos pelas institui\u00e7\u00f5es (primeira chamada)<\/p>\n\n\n\n<p>\u2013 18 de fevereiro \u2013 divulga\u00e7\u00e3o dos resultados da segunda chamada<\/p>\n\n\n\n<p>\u2013 18 a 28 de fevereiro \u2013 comprova\u00e7\u00e3o das informa\u00e7\u00f5es e eventual processo seletivo pr\u00f3prio das institui\u00e7\u00f5es (segunda chamada)<\/p>\n\n\n\n<p>\u2013 18 de fevereiro a 3 de mar\u00e7o \u2013 registro no SISPROUNI e emiss\u00e3o dos termos pelas institui\u00e7\u00f5es (segunda chamada)<\/p>\n\n\n\n<p><strong>Ag\u00eancia Brasil&nbsp;<\/strong><\/p>\n","protected":false},"excerpt":{"rendered":"<p>As inscri\u00e7\u00f5es para o Programa Universidade para Todos (Prouni) no primeiro semestre de 2020 j\u00e1 t\u00eam data marcada. Estudantes de todo o pa\u00eds poder\u00e3o come\u00e7ar&hellip; <\/p>\n","protected":false},"author":1,"featured_media":59541,"comment_status":"closed","ping_status":"closed","sticky":false,"template":"","format":"standard","meta":{"sfsi_plus_gutenberg_text_before_share":"","sfsi_plus_gutenberg_show_text_before_share":"","sfsi_plus_gutenberg_icon_type":"","sfsi_plus_gutenberg_icon_alignemt":"","sfsi_plus_gutenburg_max_per_row":"","footnotes":""},"categories":[50,14],"tags":[],"class_list":["post-142642","post","type-post","status-publish","format-standard","has-post-thumbnail","hentry","category-destaque","category-educacao"],"_links":{"self":[{"href":"https:\/\/www.caririemacao.com\/1\/wp-json\/wp\/v2\/posts\/142642","targetHints":{"allow":["GET"]}}],"collection":[{"href":"https:\/\/www.caririemacao.com\/1\/wp-json\/wp\/v2\/posts"}],"about":[{"href":"https:\/\/www.caririemacao.com\/1\/wp-json\/wp\/v2\/types\/post"}],"author":[{"embeddable":true,"href":"https:\/\/www.caririemacao.com\/1\/wp-json\/wp\/v2\/users\/1"}],"replies":[{"embeddable":true,"href":"https:\/\/www.caririemacao.com\/1\/wp-json\/wp\/v2\/comments?post=142642"}],"version-history":[{"count":1,"href":"https:\/\/www.caririemacao.com\/1\/wp-json\/wp\/v2\/posts\/142642\/revisions"}],"predecessor-version":[{"id":142644,"href":"https:\/\/www.caririemacao.com\/1\/wp-json\/wp\/v2\/posts\/142642\/revisions\/142644"}],"wp:featuredmedia":[{"embeddable":true,"href":"https:\/\/www.caririemacao.com\/1\/wp-json\/wp\/v2\/media\/59541"}],"wp:attachment":[{"href":"https:\/\/www.caririemacao.com\/1\/wp-json\/wp\/v2\/media?parent=142642"}],"wp:term":[{"taxonomy":"category","embeddable":true,"href":"https:\/\/www.caririemacao.com\/1\/wp-json\/wp\/v2\/categories?post=142642"},{"taxonomy":"post_tag","embeddable":true,"href":"https:\/\/www.caririemacao.com\/1\/wp-json\/wp\/v2\/tags?post=142642"}],"curies":[{"name":"wp","href":"https:\/\/api.w.org\/{rel}","templated":true}]}}