{"id":142651,"date":"2019-12-24T09:06:07","date_gmt":"2019-12-24T12:06:07","guid":{"rendered":"http:\/\/www.caririemacao.com\/1\/?p=142651"},"modified":"2019-12-24T09:06:07","modified_gmt":"2019-12-24T12:06:07","slug":"prefeito-de-adriano-wolff-confirma-empenho-para-aquisicao-de-um-onibus-escolar-novo-para-sao-sebastiao-do-umbuzeiro","status":"publish","type":"post","link":"https:\/\/www.caririemacao.com\/1\/2019\/12\/24\/prefeito-de-adriano-wolff-confirma-empenho-para-aquisicao-de-um-onibus-escolar-novo-para-sao-sebastiao-do-umbuzeiro\/","title":{"rendered":"Prefeito de Adriano Wolff confirma empenho para aquisi\u00e7\u00e3o de um \u00f4nibus escolar novo para S\u00e3o Sebasti\u00e3o do Umbuzeiro"},"content":{"rendered":"\n<p>O prefeito de SS do Umbuzeiro Adriano Wolff acaba de confirmar uma not\u00edcia que \u00e9 um verdadeiro presente de natal para a popula\u00e7\u00e3o saosebastianense.<br>Foi confirmada a aquisi\u00e7\u00e3o de um \u00f4nibus escolar novo para atender os alunos da zona rural de S\u00e3o Sebasti\u00e3o do Umbuzeiro.<br>Os recursos s\u00e3o fruto de um empenho junto ao Fundo Nacional de Educa\u00e7\u00e3o, atrav\u00e9s da parceria com o deputado federal Efraim Filho, e o valor empenhado \u00e9 de&nbsp;&nbsp;R$ 228.912,00<\/p>\n","protected":false},"excerpt":{"rendered":"<p>O prefeito de SS do Umbuzeiro Adriano Wolff acaba de confirmar uma not\u00edcia que \u00e9 um verdadeiro presente de natal para a popula\u00e7\u00e3o saosebastianense.Foi confirmada&hellip; <\/p>\n","protected":false},"author":1,"featured_media":34920,"comment_status":"closed","ping_status":"closed","sticky":false,"template":"","format":"standard","meta":{"sfsi_plus_gutenberg_text_before_share":"","sfsi_plus_gutenberg_show_text_before_share":"","sfsi_plus_gutenberg_icon_type":"","sfsi_plus_gutenberg_icon_alignemt":"","sfsi_plus_gutenburg_max_per_row":"","footnotes":""},"categories":[6,50],"tags":[],"class_list":["post-142651","post","type-post","status-publish","format-standard","has-post-thumbnail","hentry","category-cidades","category-destaque"],"_links":{"self":[{"href":"https:\/\/www.caririemacao.com\/1\/wp-json\/wp\/v2\/posts\/142651","targetHints":{"allow":["GET"]}}],"collection":[{"href":"https:\/\/www.caririemacao.com\/1\/wp-json\/wp\/v2\/posts"}],"about":[{"href":"https:\/\/www.caririemacao.com\/1\/wp-json\/wp\/v2\/types\/post"}],"author":[{"embeddable":true,"href":"https:\/\/www.caririemacao.com\/1\/wp-json\/wp\/v2\/users\/1"}],"replies":[{"embeddable":true,"href":"https:\/\/www.caririemacao.com\/1\/wp-json\/wp\/v2\/comments?post=142651"}],"version-history":[{"count":1,"href":"https:\/\/www.caririemacao.com\/1\/wp-json\/wp\/v2\/posts\/142651\/revisions"}],"predecessor-version":[{"id":142653,"href":"https:\/\/www.caririemacao.com\/1\/wp-json\/wp\/v2\/posts\/142651\/revisions\/142653"}],"wp:featuredmedia":[{"embeddable":true,"href":"https:\/\/www.caririemacao.com\/1\/wp-json\/wp\/v2\/media\/34920"}],"wp:attachment":[{"href":"https:\/\/www.caririemacao.com\/1\/wp-json\/wp\/v2\/media?parent=142651"}],"wp:term":[{"taxonomy":"category","embeddable":true,"href":"https:\/\/www.caririemacao.com\/1\/wp-json\/wp\/v2\/categories?post=142651"},{"taxonomy":"post_tag","embeddable":true,"href":"https:\/\/www.caririemacao.com\/1\/wp-json\/wp\/v2\/tags?post=142651"}],"curies":[{"name":"wp","href":"https:\/\/api.w.org\/{rel}","templated":true}]}}