{"id":142657,"date":"2019-12-24T09:07:48","date_gmt":"2019-12-24T12:07:48","guid":{"rendered":"http:\/\/www.caririemacao.com\/1\/?p=142657"},"modified":"2019-12-24T09:19:15","modified_gmt":"2019-12-24T12:19:15","slug":"vice-prefeito-celecileno-participa-de-forma-atuante-de-eventos-e-acoes-em-monteiro","status":"publish","type":"post","link":"https:\/\/www.caririemacao.com\/1\/2019\/12\/24\/vice-prefeito-celecileno-participa-de-forma-atuante-de-eventos-e-acoes-em-monteiro\/","title":{"rendered":"Vice-prefeito Celecileno participa de forma atuante de eventos e a\u00e7\u00f5es em Monteiro"},"content":{"rendered":"\n<p>O vice prefeito de Monteiro Celecileno Alves vem participando de forma ass\u00eddua de eventos e a\u00e7\u00f5es administrativas em parceria com a gestora Anna Lorena.<\/p>\n\n\n\n<p><br>Conciliando os compromissos pol\u00edticos com sua agenda empresarial, o vice prefeito tem colaborado de forma efetiva com a articula\u00e7\u00e3o das a\u00e7\u00f5es em especial na \u00e1rea dos esportes, onde o vice prefeito est\u00e1 coordenando pessoalmente os preparativos para a realiza\u00e7\u00e3o do Ruralz\u00e3o 2019, ao lado do secret\u00e1rio de esportes Rostand Chaves.<br>Nos \u00faltimos dias, o prefeito tamb\u00e9m esteve prestigiando entre outros eventos, a confraterniza\u00e7\u00e3o dos funcion\u00e1rios p\u00fablicos municipais, onde esteve todo o tempo ao lado da prefeita cumprimentando pessoalmente a todos os servidores presentes,.<\/p>\n\n\n\n<p><br>Celecileno&nbsp; tamb\u00e9m participou da entrega da reforma e amplia\u00e7\u00e3o do PSF da Rua do Matadouro, onde fez quest\u00e3o de destacar a import\u00e2ncia de uma obra que deu condi\u00e7\u00f5es estruturais de respeito a uma unidade de sa\u00fade que atende mais de 2 700 pessoas.<\/p>\n\n\n\n<p>F\u00c1BIO BRITO<\/p>\n","protected":false},"excerpt":{"rendered":"<p>O vice prefeito de Monteiro Celecileno Alves vem participando de forma ass\u00eddua de eventos e a\u00e7\u00f5es administrativas em parceria com a gestora Anna Lorena. Conciliando&hellip; <\/p>\n","protected":false},"author":1,"featured_media":87521,"comment_status":"closed","ping_status":"closed","sticky":false,"template":"","format":"standard","meta":{"sfsi_plus_gutenberg_text_before_share":"","sfsi_plus_gutenberg_show_text_before_share":"","sfsi_plus_gutenberg_icon_type":"","sfsi_plus_gutenberg_icon_alignemt":"","sfsi_plus_gutenburg_max_per_row":"","footnotes":""},"categories":[6],"tags":[],"class_list":["post-142657","post","type-post","status-publish","format-standard","has-post-thumbnail","hentry","category-cidades"],"_links":{"self":[{"href":"https:\/\/www.caririemacao.com\/1\/wp-json\/wp\/v2\/posts\/142657","targetHints":{"allow":["GET"]}}],"collection":[{"href":"https:\/\/www.caririemacao.com\/1\/wp-json\/wp\/v2\/posts"}],"about":[{"href":"https:\/\/www.caririemacao.com\/1\/wp-json\/wp\/v2\/types\/post"}],"author":[{"embeddable":true,"href":"https:\/\/www.caririemacao.com\/1\/wp-json\/wp\/v2\/users\/1"}],"replies":[{"embeddable":true,"href":"https:\/\/www.caririemacao.com\/1\/wp-json\/wp\/v2\/comments?post=142657"}],"version-history":[{"count":3,"href":"https:\/\/www.caririemacao.com\/1\/wp-json\/wp\/v2\/posts\/142657\/revisions"}],"predecessor-version":[{"id":142680,"href":"https:\/\/www.caririemacao.com\/1\/wp-json\/wp\/v2\/posts\/142657\/revisions\/142680"}],"wp:featuredmedia":[{"embeddable":true,"href":"https:\/\/www.caririemacao.com\/1\/wp-json\/wp\/v2\/media\/87521"}],"wp:attachment":[{"href":"https:\/\/www.caririemacao.com\/1\/wp-json\/wp\/v2\/media?parent=142657"}],"wp:term":[{"taxonomy":"category","embeddable":true,"href":"https:\/\/www.caririemacao.com\/1\/wp-json\/wp\/v2\/categories?post=142657"},{"taxonomy":"post_tag","embeddable":true,"href":"https:\/\/www.caririemacao.com\/1\/wp-json\/wp\/v2\/tags?post=142657"}],"curies":[{"name":"wp","href":"https:\/\/api.w.org\/{rel}","templated":true}]}}