{"id":142665,"date":"2019-12-24T09:10:40","date_gmt":"2019-12-24T12:10:40","guid":{"rendered":"http:\/\/www.caririemacao.com\/1\/?p=142665"},"modified":"2019-12-24T09:10:40","modified_gmt":"2019-12-24T12:10:40","slug":"mais-uma-etapa-do-programa-olhar-monteiro-e-realizada","status":"publish","type":"post","link":"https:\/\/www.caririemacao.com\/1\/2019\/12\/24\/mais-uma-etapa-do-programa-olhar-monteiro-e-realizada\/","title":{"rendered":"Mais uma etapa do Programa Olhar Monteiro \u00e9 realizada"},"content":{"rendered":"\n<p>O Programa Olhar Monteiro, implantado no munic\u00edpio no m\u00eas de setembro e que beneficia alunos da Rede Municipal com tratamento oftalmol\u00f3gico, realizou mais uma etapa na \u00faltima semana.<\/p>\n\n\n\n<p><br>Nesta etapa, realizada no Centro de Especialidades M\u00e9dicas, as crian\u00e7as e adolescentes fizeram a escolha da arma\u00e7\u00e3o dos \u00f3culos com medida. Ao todo foram atendidos 389 alunos.<br><\/p>\n\n\n\n<figure class=\"wp-block-image\"><a href=\"https:\/\/www.monteiro.pb.gov.br\/storage\/content\/noticias\/geral\/1929\/galeria\/olhar-monteiro-etapa-3.jpeg\"><img decoding=\"async\" data-src=\"https:\/\/www.monteiro.pb.gov.br\/storage\/content\/noticias\/geral\/1929\/galeria\/olhar-monteiro-etapa-3.jpeg\" alt=\"\" src=\"data:image\/svg+xml;base64,PHN2ZyB3aWR0aD0iMSIgaGVpZ2h0PSIxIiB4bWxucz0iaHR0cDovL3d3dy53My5vcmcvMjAwMC9zdmciPjwvc3ZnPg==\" class=\"lazyload\" \/><\/a><\/figure>\n\n\n\n<p>O Programa Olhar Monteiro tem o foco de atendimento nas crian\u00e7as a partir de 04 anos de idade, adolescentes, jovens e adultos da Rede Municipal de Ensino. As avalia\u00e7\u00f5es come\u00e7aram no m\u00eas de setembro e v\u00eam acontecendo em etapas.<br>Os atendimentos acontecem no Centro de Especialidades M\u00e9dicas e foram agendadas de acordo com cada escola com a triagem, acompanhamento e tratamento dos problemas visuais.\u00a0<\/p>\n\n\n\n<p><br>O Programa se d\u00e1 atrav\u00e9s do PSE \u2013 Programa Sa\u00fade na Escola e seguem os seguintes passos: Reuni\u00e3o com os pais dos alunos e alunos do EJA, Triagem oftalmol\u00f3gica pelos profissionais da Aten\u00e7\u00e3o B\u00e1sica e NASF, Atendimento com oftalmologista e Fornecimento de \u00f3culos com lentes corretivas (gratuito) pela Prefeitura de Monteiro.<\/p>\n\n\n\n<p><br>\u201cEu achei um projeto excelente, porque meu filho precisava de \u00f3culos e eu n\u00e3o podia pagar e tenho certeza que as notas dele v\u00e3o melhorar\u201d, conta a senhora Francisca Bezerra, m\u00e3e de aluno da Rede Municipal de Ensino.<\/p>\n\n\n\n<p><br>\u201cMeu menino h\u00e1 mais de 05 anos usa \u00f3culos por um problema grave de vista e esta j\u00e1 \u00e9 uma grande ajuda, achei uma maravilha e meu filho tamb\u00e9m\u201d, conta a mam\u00e3e Ver\u00f4nica.<\/p>\n","protected":false},"excerpt":{"rendered":"<p>O Programa Olhar Monteiro, implantado no munic\u00edpio no m\u00eas de setembro e que beneficia alunos da Rede Municipal com tratamento oftalmol\u00f3gico, realizou mais uma etapa&hellip; <\/p>\n","protected":false},"author":1,"featured_media":142666,"comment_status":"closed","ping_status":"closed","sticky":false,"template":"","format":"standard","meta":{"sfsi_plus_gutenberg_text_before_share":"","sfsi_plus_gutenberg_show_text_before_share":"","sfsi_plus_gutenberg_icon_type":"","sfsi_plus_gutenberg_icon_alignemt":"","sfsi_plus_gutenburg_max_per_row":"","footnotes":""},"categories":[6,50],"tags":[],"class_list":["post-142665","post","type-post","status-publish","format-standard","has-post-thumbnail","hentry","category-cidades","category-destaque"],"_links":{"self":[{"href":"https:\/\/www.caririemacao.com\/1\/wp-json\/wp\/v2\/posts\/142665","targetHints":{"allow":["GET"]}}],"collection":[{"href":"https:\/\/www.caririemacao.com\/1\/wp-json\/wp\/v2\/posts"}],"about":[{"href":"https:\/\/www.caririemacao.com\/1\/wp-json\/wp\/v2\/types\/post"}],"author":[{"embeddable":true,"href":"https:\/\/www.caririemacao.com\/1\/wp-json\/wp\/v2\/users\/1"}],"replies":[{"embeddable":true,"href":"https:\/\/www.caririemacao.com\/1\/wp-json\/wp\/v2\/comments?post=142665"}],"version-history":[{"count":1,"href":"https:\/\/www.caririemacao.com\/1\/wp-json\/wp\/v2\/posts\/142665\/revisions"}],"predecessor-version":[{"id":142667,"href":"https:\/\/www.caririemacao.com\/1\/wp-json\/wp\/v2\/posts\/142665\/revisions\/142667"}],"wp:featuredmedia":[{"embeddable":true,"href":"https:\/\/www.caririemacao.com\/1\/wp-json\/wp\/v2\/media\/142666"}],"wp:attachment":[{"href":"https:\/\/www.caririemacao.com\/1\/wp-json\/wp\/v2\/media?parent=142665"}],"wp:term":[{"taxonomy":"category","embeddable":true,"href":"https:\/\/www.caririemacao.com\/1\/wp-json\/wp\/v2\/categories?post=142665"},{"taxonomy":"post_tag","embeddable":true,"href":"https:\/\/www.caririemacao.com\/1\/wp-json\/wp\/v2\/tags?post=142665"}],"curies":[{"name":"wp","href":"https:\/\/api.w.org\/{rel}","templated":true}]}}