{"id":142695,"date":"2019-12-24T09:43:38","date_gmt":"2019-12-24T12:43:38","guid":{"rendered":"http:\/\/www.caririemacao.com\/1\/?p=142695"},"modified":"2019-12-24T09:43:38","modified_gmt":"2019-12-24T12:43:38","slug":"brasil-faz-melhor-campanha-parapan-americana-da-historia","status":"publish","type":"post","link":"https:\/\/www.caririemacao.com\/1\/2019\/12\/24\/brasil-faz-melhor-campanha-parapan-americana-da-historia\/","title":{"rendered":"Brasil faz melhor campanha parapan-americana da hist\u00f3ria"},"content":{"rendered":"\n<p>O esporte paral\u00edmpico brasileiro teve um ano excepcional em 2019, alcan\u00e7ando marcas como a melhor campanha em uma edi\u00e7\u00e3o dos Jogos Parapan-americanos e a segunda posi\u00e7\u00e3o no mundial de atletismo de Dubai (Emirados \u00c1rabes Unidos).<\/p>\n\n\n\n<h2 class=\"wp-block-heading\">Parapan de Lima<\/h2>\n\n\n\n<p>Disputado oficialmente desde 1999, os Jogos Parapan-americanos t\u00eam agora o Brasil como o dono da melhor campanha de todos os tempos com 308 medalhas (124 ouros, 99 pratas e 85 bronzes). Essa foi a quarta vez seguida que a delega\u00e7\u00e3o verde e amarela liderou o quadro de medalhas.<\/p>\n\n\n\n<figure class=\"wp-block-image\"><img decoding=\"async\" data-src=\"http:\/\/imagens.ebc.com.br\/p6rEdmmJxPYhbDGuMGz5ggZHKoQ=\/754x0\/smart\/http:\/\/agenciabrasil.ebc.com.br\/sites\/default\/files\/thumbnails\/image\/48628041608_235e18bcc3_k.jpg?itok=DxdGSAkQ\" alt=\"Atletas brasileiros comemoram medalhas conquistadas no Parapan de Lima\" src=\"data:image\/svg+xml;base64,PHN2ZyB3aWR0aD0iMSIgaGVpZ2h0PSIxIiB4bWxucz0iaHR0cDovL3d3dy53My5vcmcvMjAwMC9zdmciPjwvc3ZnPg==\" class=\"lazyload\" \/><\/figure>\n\n\n\n<p>Atletas brasileiros comemoram medalhas conquistadas no Parapan de Lima &#8211;&nbsp;<strong>Rodolfo Vilela\/ rededoesporte.gov.br<\/strong><\/p>\n\n\n\n<p>A marca anterior era do M\u00e9xico, que, em casa na primeira edi\u00e7\u00e3o, havia conquistado 307 p\u00f3dios (121 ouros, 105 pratas e 81 bronzes).<\/p>\n\n\n\n<p>\u201cA meta interna no Comit\u00ea [Paral\u00edmpico Brasileiro] sempre foi superar os n\u00fameros de Toronto. N\u00e3o s\u00f3 em medalhas, mas quer\u00edamos estar em mais finais, trazer a maior delega\u00e7\u00e3o, ter mais mulheres, contar com o maior n\u00famero poss\u00edvel de atletas de classes baixas. Sempre apostando muito nos jovens. E acho que tudo isso foi alcan\u00e7ado\u201d, disse Alberto Martins, diretor t\u00e9cnico e chefe da miss\u00e3o brasileira em Lima, ap\u00f3s o final do Parapan.<\/p>\n\n\n\n<h2 class=\"wp-block-heading\">Destaques<\/h2>\n\n\n\n<p>Quase metade das conquistas brasileiras vieram das piscinas. A equipe da nata\u00e7\u00e3o somou 127, sendo 53 ouros. H\u00e1 quatro anos, em Toronto, o Brasil conseguiu 104 medalhas, com 38 ouros. No halterofilismo, liderou com folga o quadro de medalhas. Foram 16 conquistas, seis de ouros. Em Toronto, o Brasil ganhou oito medalhas na modalidade.<\/p>\n\n\n\n<figure class=\"wp-block-image\"><img decoding=\"async\" data-src=\"http:\/\/imagens.ebc.com.br\/DyLVKhe9t7koMKQq9ALv_MU5j6A=\/754x0\/smart\/http:\/\/agenciabrasil.ebc.com.br\/sites\/default\/files\/thumbnails\/image\/48625115118_9685865a47_k.jpg?itok=HFBMJr1U\" alt=\"Nadadora Carolina Santiago estreia com medalha de ouro nos Jogos Parapan-Americano em Lima. \" src=\"data:image\/svg+xml;base64,PHN2ZyB3aWR0aD0iMSIgaGVpZ2h0PSIxIiB4bWxucz0iaHR0cDovL3d3dy53My5vcmcvMjAwMC9zdmciPjwvc3ZnPg==\" class=\"lazyload\" \/><\/figure>\n\n\n\n<p>Nadadora Carolina Santiago estreia com medalha de ouro nos Jogos Parapan-americanos de Lima &#8211;&nbsp;<strong>Ale Cabral \/CPB<\/strong><\/p>\n\n\n\n<h2 class=\"wp-block-heading\">Mundial de Atletismo<\/h2>\n\n\n\n<p>Outro evento no qual o pa\u00eds teve uma \u00f3tima performance foi o Mundial de Atletismo Paral\u00edmpico realizado no&nbsp;<em>Dubai Club for People of Determination<\/em>, em Dubai (Emirados \u00c1rabes Unidos).<\/p>\n\n\n\n<p>Na competi\u00e7\u00e3o, os atletas brasileiros garantiram a segunda posi\u00e7\u00e3o no quadro geral de medalhas, a melhor campanha do Brasil em uma edi\u00e7\u00e3o do evento.<\/p>\n\n\n\n<figure class=\"wp-block-image\"><img decoding=\"async\" data-src=\"http:\/\/imagens.ebc.com.br\/izXz7rQmboJF4zFD3mq6ybwo0-o=\/754x0\/smart\/http:\/\/agenciabrasil.ebc.com.br\/sites\/default\/files\/thumbnails\/image\/na_semifinal_dos_100m_da_classe_t47.jpg?itok=7xiQjFYF\" alt=\"atleta Petr\u00facio Ferreira \" src=\"data:image\/svg+xml;base64,PHN2ZyB3aWR0aD0iMSIgaGVpZ2h0PSIxIiB4bWxucz0iaHR0cDovL3d3dy53My5vcmcvMjAwMC9zdmciPjwvc3ZnPg==\" class=\"lazyload\" \/><\/figure>\n\n\n\n<p>Petr\u00facio Ferreira conquistou dois ouros no Mundial de Dubai &#8211;&nbsp;<strong>Divulga\u00e7\u00e3o\/Comit\u00ea Paral\u00edmpico Brasileiro<\/strong><\/p>\n\n\n\n<p>Em Dubai, a delega\u00e7\u00e3o brasileira (formada por 43 atletas) conseguiu o total de 39 medalhas (14 ouros, 9 pratas e 16 bronzes), atr\u00e1s apenas do time da China, com 59 conquistas (25 ouros, 23 pratas e 11 bronzes).<\/p>\n\n\n\n<p>A melhor campanha do Brasil at\u00e9 ent\u00e3o havia sido em Lyon (Fran\u00e7a) em 2013, oportunidade na qual terminou na terceira posi\u00e7\u00e3o da classifica\u00e7\u00e3o, com o total de 40 medalhas (16 ouros, 10 pratas e 14 bronzes).<\/p>\n\n\n\n<h2 class=\"wp-block-heading\">Nata\u00e7\u00e3o em Londres<\/h2>\n\n\n\n<p>A terceira grande competi\u00e7\u00e3o da qual os atletas paral\u00edmpicos brasileiros participaram nesta temporada foi o Mundial de Nata\u00e7\u00e3o Paral\u00edmpico, realizado na piscina do Parque Ol\u00edmpico de Londres (Inglaterra).<\/p>\n\n\n\n<p>O Brasil encerrou o evento com o 11\u00ba lugar no quadro de medalhas, com 17 no total (cinco ouros, seis pratas e seis bronzes). A primeira posi\u00e7\u00e3o foi da It\u00e1lia.<\/p>\n\n\n\n<h2 class=\"wp-block-heading\">Proje\u00e7\u00e3o para T\u00f3quio 2020<\/h2>\n\n\n\n<p>Estas competi\u00e7\u00f5es podem ser vistas como pr\u00e9vias da pr\u00f3xima edi\u00e7\u00e3o dos Jogos Paral\u00edmpicos, que acontecem em T\u00f3quio, em 2020.<\/p>\n\n\n\n<figure class=\"wp-block-image\"><img decoding=\"async\" data-src=\"http:\/\/imagens.ebc.com.br\/QKCMtOhMkhcAY0wW-Xg_gOU4WpU=\/754x0\/smart\/http:\/\/agenciabrasil.ebc.com.br\/sites\/default\/files\/thumbnails\/image\/49060591983_c5bae4746e_k.jpg?itok=voIkw1dI\" alt=\"3.11.19 - Dubai, Emirados Arabes Unidos - Mundial de Atletismo - JOAO VITOR TEIXEIRA, OURO NO ARREMESSO DE PESO F37 . Foto: Ale Cabral\/CPB.\" src=\"data:image\/svg+xml;base64,PHN2ZyB3aWR0aD0iMSIgaGVpZ2h0PSIxIiB4bWxucz0iaHR0cDovL3d3dy53My5vcmcvMjAwMC9zdmciPjwvc3ZnPg==\" class=\"lazyload\" \/><\/figure>\n\n\n\n<p>Jo\u00e3o V\u00edtor Teixeira celebra ouro na prova do arremesso de peso no Mundial de Dubai &#8211;&nbsp;<strong>ALE CABRAL\/CPB<\/strong><\/p>\n\n\n\n<p>Segundo o Comit\u00ea Paral\u00edmpico Brasileiro (CPB), a delega\u00e7\u00e3o em T\u00f3quio ter\u00e1 entre 350 e 400 pessoas, sendo aproximadamente 250 atletas.<\/p>\n\n\n\n<p>\u00c9 bom lembrar que na \u00faltima edi\u00e7\u00e3o dos Jogos, no Rio de Janeiro em 2016, o Brasil finalizou a sua participa\u00e7\u00e3o na oitava posi\u00e7\u00e3o, com 72 medalhas (14 ouros).<\/p>\n","protected":false},"excerpt":{"rendered":"<p>O esporte paral\u00edmpico brasileiro teve um ano excepcional em 2019, alcan\u00e7ando marcas como a melhor campanha em uma edi\u00e7\u00e3o dos Jogos Parapan-americanos e a segunda&hellip; <\/p>\n","protected":false},"author":1,"featured_media":142697,"comment_status":"closed","ping_status":"closed","sticky":false,"template":"","format":"standard","meta":{"sfsi_plus_gutenberg_text_before_share":"","sfsi_plus_gutenberg_show_text_before_share":"","sfsi_plus_gutenberg_icon_type":"","sfsi_plus_gutenberg_icon_alignemt":"","sfsi_plus_gutenburg_max_per_row":"","footnotes":""},"categories":[13],"tags":[],"class_list":["post-142695","post","type-post","status-publish","format-standard","has-post-thumbnail","hentry","category-esportes"],"_links":{"self":[{"href":"https:\/\/www.caririemacao.com\/1\/wp-json\/wp\/v2\/posts\/142695","targetHints":{"allow":["GET"]}}],"collection":[{"href":"https:\/\/www.caririemacao.com\/1\/wp-json\/wp\/v2\/posts"}],"about":[{"href":"https:\/\/www.caririemacao.com\/1\/wp-json\/wp\/v2\/types\/post"}],"author":[{"embeddable":true,"href":"https:\/\/www.caririemacao.com\/1\/wp-json\/wp\/v2\/users\/1"}],"replies":[{"embeddable":true,"href":"https:\/\/www.caririemacao.com\/1\/wp-json\/wp\/v2\/comments?post=142695"}],"version-history":[{"count":1,"href":"https:\/\/www.caririemacao.com\/1\/wp-json\/wp\/v2\/posts\/142695\/revisions"}],"predecessor-version":[{"id":142698,"href":"https:\/\/www.caririemacao.com\/1\/wp-json\/wp\/v2\/posts\/142695\/revisions\/142698"}],"wp:featuredmedia":[{"embeddable":true,"href":"https:\/\/www.caririemacao.com\/1\/wp-json\/wp\/v2\/media\/142697"}],"wp:attachment":[{"href":"https:\/\/www.caririemacao.com\/1\/wp-json\/wp\/v2\/media?parent=142695"}],"wp:term":[{"taxonomy":"category","embeddable":true,"href":"https:\/\/www.caririemacao.com\/1\/wp-json\/wp\/v2\/categories?post=142695"},{"taxonomy":"post_tag","embeddable":true,"href":"https:\/\/www.caririemacao.com\/1\/wp-json\/wp\/v2\/tags?post=142695"}],"curies":[{"name":"wp","href":"https:\/\/api.w.org\/{rel}","templated":true}]}}