{"id":142700,"date":"2019-12-24T09:45:15","date_gmt":"2019-12-24T12:45:15","guid":{"rendered":"http:\/\/www.caririemacao.com\/1\/?p=142700"},"modified":"2019-12-24T09:45:15","modified_gmt":"2019-12-24T12:45:15","slug":"prf-volta-a-fiscalizar-rodovias-federais-com-radares-moveis","status":"publish","type":"post","link":"https:\/\/www.caririemacao.com\/1\/2019\/12\/24\/prf-volta-a-fiscalizar-rodovias-federais-com-radares-moveis\/","title":{"rendered":"PRF volta a fiscalizar rodovias federais com radares m\u00f3veis"},"content":{"rendered":"\n<p>A Pol\u00edcia Rodovi\u00e1ria Federal (PRF) confirmou (23) que todas as suas superintend\u00eancias estaduais retomaram o uso de radares m\u00f3veis na fiscaliza\u00e7\u00e3o das rodovias federais. Na semana passada, uma\u00a0decis\u00e3o da Justi\u00e7a\u00a0determinou da volta do uso de medidores de velocidade m\u00f3veis e port\u00e1teis em todo o pa\u00eds.<\/p>\n\n\n\n<p>Segundo a PRF, 5 mil quil\u00f4metros de rodovias est\u00e3o cobertos pela fiscaliza\u00e7\u00e3o dos radares m\u00f3veis, que ser\u00e1 intensificada em 500 trechos com maior ocorr\u00eancia de acidentes. Em nota \u00e0 imprensa, a PRF tamb\u00e9m afirmou que a fiscaliza\u00e7\u00e3o \u00e9 pautada pela &#8220;observ\u00e2ncia dos requisitos legais estabelecidos&#8221; para promover a seguran\u00e7a vi\u00e1ria e a preserva\u00e7\u00e3o da vida.<\/p>\n\n\n\n<p>Na segunda-feira (16), o juiz Marcelo Gentil Monteiro, da 1\u00aa Vara Federal C\u00edvel do Distrito Federal,&nbsp;atendeu a um pedido liminar feito pelo Minist\u00e9rio P\u00fablico Federal (MPF) e determinou que a Pol\u00edcia Rodovi\u00e1ria volte a usar os radares m\u00f3veis.<\/p>\n\n\n\n<p>Os equipamentos m\u00f3veis foram recolhidos em agosto ap\u00f3s a publica\u00e7\u00e3o de um despacho do presidente Jair Bolsonaro. Na ocasi\u00e3o, foram revogados atos administrativos sobre a atividade de fiscaliza\u00e7\u00e3o eletr\u00f4nica de velocidade em rodovias e estradas federais para que novos estudos sobre o uso do equipamento fossem realizados.<\/p>\n\n\n\n<p>EBC<\/p>\n","protected":false},"excerpt":{"rendered":"<p>A Pol\u00edcia Rodovi\u00e1ria Federal (PRF) confirmou (23) que todas as suas superintend\u00eancias estaduais retomaram o uso de radares m\u00f3veis na fiscaliza\u00e7\u00e3o das rodovias federais. Na&hellip; <\/p>\n","protected":false},"author":1,"featured_media":87291,"comment_status":"closed","ping_status":"closed","sticky":false,"template":"","format":"standard","meta":{"sfsi_plus_gutenberg_text_before_share":"","sfsi_plus_gutenberg_show_text_before_share":"","sfsi_plus_gutenberg_icon_type":"","sfsi_plus_gutenberg_icon_alignemt":"","sfsi_plus_gutenburg_max_per_row":"","footnotes":""},"categories":[12],"tags":[],"class_list":["post-142700","post","type-post","status-publish","format-standard","has-post-thumbnail","hentry","category-policia"],"_links":{"self":[{"href":"https:\/\/www.caririemacao.com\/1\/wp-json\/wp\/v2\/posts\/142700","targetHints":{"allow":["GET"]}}],"collection":[{"href":"https:\/\/www.caririemacao.com\/1\/wp-json\/wp\/v2\/posts"}],"about":[{"href":"https:\/\/www.caririemacao.com\/1\/wp-json\/wp\/v2\/types\/post"}],"author":[{"embeddable":true,"href":"https:\/\/www.caririemacao.com\/1\/wp-json\/wp\/v2\/users\/1"}],"replies":[{"embeddable":true,"href":"https:\/\/www.caririemacao.com\/1\/wp-json\/wp\/v2\/comments?post=142700"}],"version-history":[{"count":1,"href":"https:\/\/www.caririemacao.com\/1\/wp-json\/wp\/v2\/posts\/142700\/revisions"}],"predecessor-version":[{"id":142701,"href":"https:\/\/www.caririemacao.com\/1\/wp-json\/wp\/v2\/posts\/142700\/revisions\/142701"}],"wp:featuredmedia":[{"embeddable":true,"href":"https:\/\/www.caririemacao.com\/1\/wp-json\/wp\/v2\/media\/87291"}],"wp:attachment":[{"href":"https:\/\/www.caririemacao.com\/1\/wp-json\/wp\/v2\/media?parent=142700"}],"wp:term":[{"taxonomy":"category","embeddable":true,"href":"https:\/\/www.caririemacao.com\/1\/wp-json\/wp\/v2\/categories?post=142700"},{"taxonomy":"post_tag","embeddable":true,"href":"https:\/\/www.caririemacao.com\/1\/wp-json\/wp\/v2\/tags?post=142700"}],"curies":[{"name":"wp","href":"https:\/\/api.w.org\/{rel}","templated":true}]}}