{"id":142703,"date":"2019-12-24T09:49:14","date_gmt":"2019-12-24T12:49:14","guid":{"rendered":"http:\/\/www.caririemacao.com\/1\/?p=142703"},"modified":"2019-12-24T09:49:14","modified_gmt":"2019-12-24T12:49:14","slug":"confira-a-lista-de-cargos-extintos-ou-vedados-pelo-governo","status":"publish","type":"post","link":"https:\/\/www.caririemacao.com\/1\/2019\/12\/24\/confira-a-lista-de-cargos-extintos-ou-vedados-pelo-governo\/","title":{"rendered":"Confira a lista de cargos extintos ou vedados pelo governo"},"content":{"rendered":"\n<p>As \u00e1reas de sa\u00fade, comunica\u00e7\u00e3o e audiovisual s\u00e3o as mais afetadas pela&nbsp;<a href=\"http:\/\/agenciabrasil.ebc.com.br\/economia\/noticia\/2019-12\/governo-federal-extingue-275-mil-cargos-efetivos\" target=\"_blank\" rel=\"noreferrer noopener\">extin\u00e7\u00e3o de 27,5 mil postos<\/a>&nbsp;de trabalho no governo federal, publicada na \u00faltima sexta-feira (20) no&nbsp;<em>Di\u00e1rio Oficial da Uni\u00e3o<\/em>. A extin\u00e7\u00e3o n\u00e3o afetar\u00e1 os ocupantes atuais das fun\u00e7\u00f5es. Segundo o Minist\u00e9rio da Economia, os cargos desaparecer\u00e3o gradualmente, \u00e0 medida que os servidores se aposentarem e n\u00e3o forem repostos.<\/p>\n\n\n\n<p>De acordo com a Secretaria de Gest\u00e3o e Desempenho de Pessoal da pasta, o decreto teve como objetivo adequar o servi\u00e7o p\u00fablico aos tempos atuais, em que diversos cargos, como mateiro, discotec\u00e1rio, t\u00e9cnico de m\u00f3veis e esquadrias e seringueiro, est\u00e3o obsoletos. Outras fun\u00e7\u00f5es, informou o \u00f3rg\u00e3o, t\u00eam sido terceirizadas e descentralizadas a governos estaduais e prefeituras, o que n\u00e3o justificaria a realiza\u00e7\u00e3o de concursos p\u00fablicos federais.<\/p>\n\n\n\n<p>Os editais e concursos em andamento n\u00e3o ser\u00e3o cancelados. No caso da sa\u00fade, os Minist\u00e9rios da Economia e da Sa\u00fade esclareceram que a maioria dos cargos, como os agentes de sa\u00fade e de endemias, foi extinta porque as atribui\u00e7\u00f5es passaram do governo federal para os estados e as prefeituras.<\/p>\n\n\n\n<p>Al\u00e9m de extinguir os postos de trabalho, o decreto veda a realiza\u00e7\u00e3o de concursos para fun\u00e7\u00f5es existentes no plano de cargos t\u00e9cnicos e administrativos das institui\u00e7\u00f5es de ensino. A proibi\u00e7\u00e3o abrange cerca de 20 mil cargos do Minist\u00e9rio da Educa\u00e7\u00e3o e de suas institui\u00e7\u00f5es federais de ensino, o que representa 68 denomina\u00e7\u00f5es de cargos.<\/p>\n\n\n\n<p><strong>Confira a lista completa:<\/strong><\/p>\n\n\n\n<h2 class=\"wp-block-heading\">Cargos extintos<\/h2>\n\n\n\n<h3 class=\"wp-block-heading\">Advocacia-Geral da Uni\u00e3o<\/h3>\n\n\n\n<ul class=\"wp-block-list\"><li>Administrador<\/li><li>Bibliotec\u00e1rio-documentalista<\/li><li>Engenheiro agr\u00f4nomo<\/li><li>Publicit\u00e1rio<\/li><li>T\u00e9cnico em assuntos educacionais<\/li><li>T\u00e9cnico em contabilidade<\/li><li>T\u00e9cnico em secretariado<\/li><\/ul>\n\n\n\n<h3 class=\"wp-block-heading\">Carreira da Previd\u00eancia, da Sa\u00fade e do Trabalho<\/h3>\n\n\n\n<ul class=\"wp-block-list\"><li>Agente de inspe\u00e7\u00e3o sanit\u00e1ria e industrial de produtos de origem animal<\/li><li>Agente de sa\u00fade p\u00fablica<\/li><li>Auxiliar de laborat\u00f3rio<\/li><li>Auxiliar de saneamento<\/li><li>Cart\u00f3grafo<\/li><li>Desenhista<\/li><li>Guarda de endemias<\/li><li>Laboratorista<\/li><li>Microscopista<\/li><li>T\u00e9cnico em cartografia<\/li><\/ul>\n\n\n\n<h3 class=\"wp-block-heading\">Carreira do Seguro Social<\/h3>\n\n\n\n<ul class=\"wp-block-list\"><li>Auxiliar de enfermagem<\/li><li>Desenhista<\/li><li>T\u00e9cnico de servi\u00e7os diversos<\/li><\/ul>\n\n\n\n<h3 class=\"wp-block-heading\">Comando da Marinha<\/h3>\n\n\n\n<ul class=\"wp-block-list\"><li>T\u00e9cnico federal de Finan\u00e7as e Controle<\/li><\/ul>\n\n\n\n<h3 class=\"wp-block-heading\">Funda\u00e7\u00e3o Nacional de Sa\u00fade (Funasa)<\/h3>\n\n\n\n<ul class=\"wp-block-list\"><li>Administrador<\/li><li>Arquiteto<\/li><li>Assistente social<\/li><li>Economista<\/li><li>Enfermeiro<\/li><li>Enfermeiro<\/li><li>Farmac\u00eautico<\/li><li>Farmac\u00eautico bioqu\u00edmico<\/li><li>Nutricionista<\/li><li>Odont\u00f3logo<\/li><li>Psic\u00f3logo<\/li><li>T\u00e9cnico de laborat\u00f3rio<\/li><li>Terapeuta ocupacional<\/li><\/ul>\n\n\n\n<h3 class=\"wp-block-heading\">Funda\u00e7\u00e3o Oswaldo Cruz (Fiocruz)<\/h3>\n\n\n\n<ul class=\"wp-block-list\"><li>Administrador<\/li><li>Arquiteto<\/li><li>Auxiliar t\u00e9cnico<\/li><li>Enfermeiro<\/li><li>Fot\u00f3grafo<\/li><li>Odont\u00f3logo \u2013 40 horas<\/li><li>Psic\u00f3logo<\/li><\/ul>\n\n\n\n<h3 class=\"wp-block-heading\">Instituto Brasileiro de Museus (Ibram)<\/h3>\n\n\n\n<ul class=\"wp-block-list\"><li>Auxiliar institucional 1<\/li><\/ul>\n\n\n\n<h3 class=\"wp-block-heading\">Minist\u00e9rio da Agricultura<\/h3>\n\n\n\n<ul class=\"wp-block-list\"><li>Agente de inspe\u00e7\u00e3o sanit\u00e1ria<\/li><li>Auxiliar de laborat\u00f3rio<\/li><\/ul>\n\n\n\n<h3 class=\"wp-block-heading\">Minist\u00e9rio da Cidadania<\/h3>\n\n\n\n<ul class=\"wp-block-list\"><li>Assistente social<\/li><li>Professor ensino b\u00e1sico-tecnol\u00f3gico<\/li><li>Psic\u00f3logo<\/li><\/ul>\n\n\n\n<h3 class=\"wp-block-heading\">Minist\u00e9rio da Fazenda (hoje Minist\u00e9rio da Economia)<\/h3>\n\n\n\n<ul class=\"wp-block-list\"><li>Agente de servi\u00e7os de engenharia<\/li><li>Analista de sistemas<\/li><\/ul>\n\n\n\n<h3 class=\"wp-block-heading\">Minist\u00e9rio da Infraestrutura<\/h3>\n\n\n\n<ul class=\"wp-block-list\"><li>T\u00e9cnico federal de Finan\u00e7as e Controle<\/li><\/ul>\n\n\n\n<h3 class=\"wp-block-heading\">Minist\u00e9rio da Sa\u00fade<\/h3>\n\n\n\n<ul class=\"wp-block-list\"><li>Arquivista<\/li><li>Assistente social<\/li><li>Auxiliar de higiene dental<\/li><li>Enfermeiro<\/li><li>Farmac\u00eautico<\/li><li>Farmac\u00eautico bioqu\u00edmico<\/li><li>Fisioterapeuta<\/li><li>Fonoaudi\u00f3logo<\/li><li>Nutricionista<\/li><li>Odont\u00f3logo \u2013 30 horas<\/li><li>Odont\u00f3logo \u2013 40 horas<\/li><li>Psic\u00f3logo<\/li><li>T\u00e9cnico de laborat\u00f3rio<\/li><li>T\u00e9cnico em assuntos educacionais<\/li><li>T\u00e9cnico em radiologia<\/li><li>T\u00e9cnico em radiologia 24 horas<\/li><li>T\u00e9cnico federal de Finan\u00e7as e Controle<\/li><li>Terapeuta ocupacional<\/li><\/ul>\n\n\n\n<h3 class=\"wp-block-heading\">Pessoal t\u00e9cnico-administrativo das Institui\u00e7\u00f5es Federais de Ensino<\/h3>\n\n\n\n<ul class=\"wp-block-list\"><li>Operador de radiotelecomunica\u00e7\u00f5es<\/li><li>T\u00e9cnico em eletricidade<\/li><li>T\u00e9cnico em m\u00f3veis e esquadrias<\/li><\/ul>\n\n\n\n<h3 class=\"wp-block-heading\">Pessoal t\u00e9cnico mar\u00edtimo das Institui\u00e7\u00f5es Federais de Ensino<\/h3>\n\n\n\n<ul class=\"wp-block-list\"><li>Contramestre fluvial<\/li><li>Contramestre mar\u00edtimo<\/li><\/ul>\n\n\n\n<h3 class=\"wp-block-heading\">Plano de carreira dos cargos de Reforma e Desenvolvimento Agr\u00e1rio<\/h3>\n\n\n\n<ul class=\"wp-block-list\"><li>Analista de sistemas<\/li><li>Desenhista<\/li><li>T\u00e9cnico agr\u00edcola<\/li><\/ul>\n\n\n\n<h3 class=\"wp-block-heading\">Plano de carreiras dos cargos t\u00e9cnico-administrativos em educa\u00e7\u00e3o<\/h3>\n\n\n\n<ul class=\"wp-block-list\"><li>Afinador de instrumentos musicais<\/li><li>Auxiliar de creche<\/li><li>Auxiliar de enfermagem \u2013 30 horas<\/li><li>Camareiro de espet\u00e1culo<\/li><li>Contrarregra<\/li><li>Costureiro de espet\u00e1culo-cen\u00e1rio<\/li><li>Cozinheiro de embarca\u00e7\u00f5es<\/li><li>Datil\u00f3grafo de textos gr\u00e1ficos<\/li><li>Detonador<\/li><li>Discotec\u00e1rio<\/li><li>Fotogravador<\/li><li>Guarda florestal<\/li><li>Impositor<\/li><li>Linotipista<\/li><li>Locutor \u2013 25 horas<\/li><li>Marinheiro de m\u00e1quinas<\/li><li>Marinheiro fluvial de m\u00e1quinas<\/li><li>Mateiro<\/li><li>Mec\u00e2nico apoio mar\u00edtimo<\/li><li>Mec\u00e2nico de montagem e manuten\u00e7\u00e3o<\/li><li>Mestre de embarca\u00e7\u00f5es de pequeno porte<\/li><li>Montador cinematogr\u00e1fico<\/li><li>Operador de caldeira<\/li><li>Operador de central hidrel\u00e9trica<\/li><li>Operador de m\u00e1quinas fotocompositoras<\/li><li>Revisor de provas tipogr\u00e1ficas<\/li><li>Segundo condutor<\/li><li>Seringueiro<\/li><li>T\u00e9cnico de laborat\u00f3rio \u2013 dl 1445-76<\/li><li>T\u00e9cnico em aerofotogrametria<\/li><li>T\u00e9cnico em cartografia<\/li><li>T\u00e9cnico em curtume e tanagem<\/li><li>T\u00e9cnico em economia dom\u00e9stica<\/li><li>T\u00e9cnico em educa\u00e7\u00e3o f\u00edsica<\/li><li>T\u00e9cnico em eletroeletr\u00f4nica<\/li><li>T\u00e9cnico em enfermagem do trabalho<\/li><li>T\u00e9cnico em enologia<\/li><li>T\u00e9cnico em estrada<\/li><li>T\u00e9cnico em microfilmagem<\/li><li>T\u00e9cnico em ort\u00f3ptica<\/li><li>T\u00e9cnico em reabilita\u00e7\u00e3o ou fisioterapia<\/li><li>T\u00e9cnico em saneamento<\/li><li>Telefonista \u2013 30 horas<\/li><li>Visitador sanit\u00e1rio<\/li><\/ul>\n\n\n\n<h3 class=\"wp-block-heading\">Plano de Classifica\u00e7\u00e3o de Cargos<\/h3>\n\n\n\n<ul class=\"wp-block-list\"><li>Auxiliar operacional de agropecu\u00e1ria<\/li><\/ul>\n\n\n\n<h3 class=\"wp-block-heading\">Plano especial de cargos da Cultura<\/h3>\n\n\n\n<ul class=\"wp-block-list\"><li>Assistente de secretaria 1<\/li><\/ul>\n\n\n\n<h3 class=\"wp-block-heading\">Sistema de pessoal civil da administra\u00e7\u00e3o federal<\/h3>\n\n\n\n<ul class=\"wp-block-list\"><li>Administrador<\/li><li>Assistente de Laborat\u00f3rio<\/li><li>Assistente social<\/li><li>Assistente social<\/li><li>Enfermeiro<\/li><li>Enfermeiro-\u00e1rea<\/li><li>Farmac\u00eautico<\/li><li>Farmac\u00eautico bioqu\u00edmico<\/li><li>Fisioterapeuta<\/li><li>Nutricionista<\/li><li>Odont\u00f3logo \u2013 30 horas<\/li><li>Psic\u00f3logo<\/li><li>T\u00e9cnico de laborat\u00f3rio<\/li><li>T\u00e9cnico em Assuntos Educacionais<\/li><li>T\u00e9cnico em Radiologia<\/li><\/ul>\n\n\n\n<h2 class=\"wp-block-heading\">Concursos vedados em institui\u00e7\u00f5es de ensino federais:<\/h2>\n\n\n\n<ul class=\"wp-block-list\"><li>Administrador de edif\u00edcios<\/li><li>Assistente de dire\u00e7\u00e3o e produ\u00e7\u00e3o<\/li><li>Assistente de tecnologia da informa\u00e7\u00e3o<\/li><li>Assistente t\u00e9cnico de embarca\u00e7\u00f5es<\/li><li>Auxiliar de enfermagem<\/li><li>Cenot\u00e9cnico<\/li><li>Confeccionador de instrumentos musicais<\/li><li>Core\u00f3grafo<\/li><li>Desenhista t\u00e9cnico especializado<\/li><li>Diretor de artes c\u00eanicas<\/li><li>Diretor de fotografia<\/li><li>Diretor de produ\u00e7\u00e3o<\/li><li>Editor de imagens<\/li><li>Editor de publica\u00e7\u00f5es<\/li><li>Instrumentador cir\u00fargico<\/li><li>Jornalista<\/li><li>Locutor<\/li><li>Mestre de edifica\u00e7\u00f5es e infraestrutura<\/li><li>M\u00fasico-terapeuta<\/li><li>Operador de c\u00e2mera de cinema e tv<\/li><li>Operador de luz<\/li><li>Operador de radiotelecomunica\u00e7\u00f5es<\/li><li>Programador de r\u00e1dio e televis\u00e3o<\/li><li>Programador visual<\/li><li>Publicit\u00e1rio<\/li><li>Redator<\/li><li>Regente<\/li><li>Rela\u00e7\u00f5es publicas<\/li><li>Revisor de textos braille<\/li><li>Roteirista<\/li><li>Sanitarista<\/li><li>Taxidermista<\/li><li>T\u00e9cnico de equipamento medico odontol\u00f3gico<\/li><li>T\u00e9cnico em agrimensura<\/li><li>T\u00e9cnico em alimentos e latic\u00ednios<\/li><li>T\u00e9cnico em anatomia e necropsia<\/li><li>T\u00e9cnico em artes gr\u00e1ficas<\/li><li>T\u00e9cnico em audiovisual<\/li><li>T\u00e9cnico em cinematografia<\/li><li>T\u00e9cnico em edifica\u00e7\u00f5es<\/li><li>T\u00e9cnico em eletricidade<\/li><li>T\u00e9cnico em eletromec\u00e2nica<\/li><li>T\u00e9cnico em eletr\u00f4nica<\/li><li>T\u00e9cnico em eletrot\u00e9cnica<\/li><li>T\u00e9cnico em estat\u00edstica<\/li><li>T\u00e9cnico em geologia<\/li><li>T\u00e9cnico em herb\u00e1rio<\/li><li>T\u00e9cnico em hidrologia<\/li><li>T\u00e9cnico em higiene dental<\/li><li>T\u00e9cnico em instrumenta\u00e7\u00e3o<\/li><li>T\u00e9cnico em manuten\u00e7\u00e3o de \u00e1udio v\u00eddeo<\/li><li>T\u00e9cnico em mec\u00e2nica<\/li><li>T\u00e9cnico em metalurgia<\/li><li>T\u00e9cnico em meteorologia<\/li><li>T\u00e9cnico em minera\u00e7\u00e3o<\/li><li>T\u00e9cnico em moveis e esquadrias<\/li><li>T\u00e9cnico em musica<\/li><li>T\u00e9cnico em nutri\u00e7\u00e3o e diet\u00e9tica<\/li><li>T\u00e9cnico em \u00f3tica<\/li><li>T\u00e9cnico em pr\u00f3tese dent\u00e1ria<\/li><li>T\u00e9cnico em qu\u00edmica<\/li><li>T\u00e9cnico em restaura\u00e7\u00e3o<\/li><li>T\u00e9cnico em seguran\u00e7a do trabalho<\/li><li>T\u00e9cnico em som<\/li><li>T\u00e9cnico em telecomunica\u00e7\u00e3o<\/li><li>T\u00e9cnico em telefonia<\/li><li>Tradutor int\u00e9rprete de linguagem sinais<\/li><li>Transcritor de sistema braille<\/li><\/ul>\n\n\n\n<p>EBC<\/p>\n","protected":false},"excerpt":{"rendered":"<p>As \u00e1reas de sa\u00fade, comunica\u00e7\u00e3o e audiovisual s\u00e3o as mais afetadas pela&nbsp;extin\u00e7\u00e3o de 27,5 mil postos&nbsp;de trabalho no governo federal, publicada na \u00faltima sexta-feira (20)&hellip; <\/p>\n","protected":false},"author":1,"featured_media":36454,"comment_status":"closed","ping_status":"closed","sticky":false,"template":"","format":"standard","meta":{"sfsi_plus_gutenberg_text_before_share":"","sfsi_plus_gutenberg_show_text_before_share":"","sfsi_plus_gutenberg_icon_type":"","sfsi_plus_gutenberg_icon_alignemt":"","sfsi_plus_gutenburg_max_per_row":"","footnotes":""},"categories":[11],"tags":[],"class_list":["post-142703","post","type-post","status-publish","format-standard","has-post-thumbnail","hentry","category-politica"],"_links":{"self":[{"href":"https:\/\/www.caririemacao.com\/1\/wp-json\/wp\/v2\/posts\/142703","targetHints":{"allow":["GET"]}}],"collection":[{"href":"https:\/\/www.caririemacao.com\/1\/wp-json\/wp\/v2\/posts"}],"about":[{"href":"https:\/\/www.caririemacao.com\/1\/wp-json\/wp\/v2\/types\/post"}],"author":[{"embeddable":true,"href":"https:\/\/www.caririemacao.com\/1\/wp-json\/wp\/v2\/users\/1"}],"replies":[{"embeddable":true,"href":"https:\/\/www.caririemacao.com\/1\/wp-json\/wp\/v2\/comments?post=142703"}],"version-history":[{"count":1,"href":"https:\/\/www.caririemacao.com\/1\/wp-json\/wp\/v2\/posts\/142703\/revisions"}],"predecessor-version":[{"id":142704,"href":"https:\/\/www.caririemacao.com\/1\/wp-json\/wp\/v2\/posts\/142703\/revisions\/142704"}],"wp:featuredmedia":[{"embeddable":true,"href":"https:\/\/www.caririemacao.com\/1\/wp-json\/wp\/v2\/media\/36454"}],"wp:attachment":[{"href":"https:\/\/www.caririemacao.com\/1\/wp-json\/wp\/v2\/media?parent=142703"}],"wp:term":[{"taxonomy":"category","embeddable":true,"href":"https:\/\/www.caririemacao.com\/1\/wp-json\/wp\/v2\/categories?post=142703"},{"taxonomy":"post_tag","embeddable":true,"href":"https:\/\/www.caririemacao.com\/1\/wp-json\/wp\/v2\/tags?post=142703"}],"curies":[{"name":"wp","href":"https:\/\/api.w.org\/{rel}","templated":true}]}}