{"id":142706,"date":"2019-12-24T09:51:22","date_gmt":"2019-12-24T12:51:22","guid":{"rendered":"http:\/\/www.caririemacao.com\/1\/?p=142706"},"modified":"2019-12-24T09:51:22","modified_gmt":"2019-12-24T12:51:22","slug":"policia-descobre-tunel-que-seria-usado-em-assalto-a-banco","status":"publish","type":"post","link":"https:\/\/www.caririemacao.com\/1\/2019\/12\/24\/policia-descobre-tunel-que-seria-usado-em-assalto-a-banco\/","title":{"rendered":"Pol\u00edcia descobre t\u00fanel que seria usado em assalto a banco"},"content":{"rendered":"\n<p>A Pol\u00edcia Civil de Campo Grande divulgou (23) detalhes da investiga\u00e7\u00e3o que prendeu sete suspeitos de pertencer a quadrilha que cavou um t\u00fanel para tentar roubar o cofre de uma ag\u00eancia do Banco do Brasil.\u00a0<\/p>\n\n\n\n<p>Em uma opera\u00e7\u00e3o realizada na madrugada de domingo, agentes prenderam sete suspeitos, que eram investigados h\u00e1 seis meses, na capital do Mato Grosso do Sul. Dois criminosos morreram durante a abordagem.&nbsp;<\/p>\n\n\n\n<p>Segundo os delegados respons\u00e1veis pelo caso, os acusados gastaram aproximadamente R$ 1 milh\u00e3o para cavar o t\u00fanel, que tem 70 metros de comprimento e 6 metros&nbsp;de profundidade. Eles pretendiam levar cerca de R$ 300 milh\u00f5es da ag\u00eancia, segundo a pol\u00edcia.&nbsp;<\/p>\n\n\n\n<figure class=\"wp-block-image\"><img decoding=\"async\" data-src=\"http:\/\/imagens.ebc.com.br\/GHo5cJdSlzcj-lAB-YkPaQj_bHI=\/365x0\/smart\/http:\/\/agenciabrasil.ebc.com.br\/sites\/default\/files\/thumbnails\/image\/assalto_ms2.jpg?itok=ZTCYqk_t\" alt=\"Terra do t\u00fanel escavado pelos assaltantes estava guardada em sacos dentro de um galp\u00e3o\" src=\"data:image\/svg+xml;base64,PHN2ZyB3aWR0aD0iMSIgaGVpZ2h0PSIxIiB4bWxucz0iaHR0cDovL3d3dy53My5vcmcvMjAwMC9zdmciPjwvc3ZnPg==\" class=\"lazyload\" \/><\/figure>\n\n\n\n<h6 class=\"wp-block-heading\">Terra do t\u00fanel escavado pelos assaltantes estava guardada em sacos dentro de um galp\u00e3o &#8211;&nbsp;<strong>Divulga\u00e7\u00e3o\/Carlos Eduardo Or\u00e1cio\/Pol\u00edcia Civil MS<\/strong><\/h6>\n\n\n\n<p>Para n\u00e3o chamar a aten\u00e7\u00e3o de quem trabalha ou mora na regi\u00e3o, os investigados alugaram um galp\u00e3o pr\u00f3ximo ao banco e utilizaram ferramentas manuais para produzir menos barulho durante a escava\u00e7\u00e3o. At\u00e9 a chegada da pol\u00edcia, 100 metros c\u00fabicos de terra, que estavam guardados em sacos dentro do galp\u00e3o, foram retirados.&nbsp;<\/p>\n\n\n\n<p>A Pol\u00edcia Civil tamb\u00e9m informou que as investiga\u00e7\u00f5es continuam para identificar e prender outros envolvidos na tentativa de roubo. Cerca de 25 pessoas estariam envolvidas.&nbsp;<\/p>\n","protected":false},"excerpt":{"rendered":"<p>A Pol\u00edcia Civil de Campo Grande divulgou (23) detalhes da investiga\u00e7\u00e3o que prendeu sete suspeitos de pertencer a quadrilha que cavou um t\u00fanel para tentar&hellip; <\/p>\n","protected":false},"author":1,"featured_media":142707,"comment_status":"closed","ping_status":"closed","sticky":false,"template":"","format":"standard","meta":{"sfsi_plus_gutenberg_text_before_share":"","sfsi_plus_gutenberg_show_text_before_share":"","sfsi_plus_gutenberg_icon_type":"","sfsi_plus_gutenberg_icon_alignemt":"","sfsi_plus_gutenburg_max_per_row":"","footnotes":""},"categories":[12],"tags":[],"class_list":["post-142706","post","type-post","status-publish","format-standard","has-post-thumbnail","hentry","category-policia"],"_links":{"self":[{"href":"https:\/\/www.caririemacao.com\/1\/wp-json\/wp\/v2\/posts\/142706","targetHints":{"allow":["GET"]}}],"collection":[{"href":"https:\/\/www.caririemacao.com\/1\/wp-json\/wp\/v2\/posts"}],"about":[{"href":"https:\/\/www.caririemacao.com\/1\/wp-json\/wp\/v2\/types\/post"}],"author":[{"embeddable":true,"href":"https:\/\/www.caririemacao.com\/1\/wp-json\/wp\/v2\/users\/1"}],"replies":[{"embeddable":true,"href":"https:\/\/www.caririemacao.com\/1\/wp-json\/wp\/v2\/comments?post=142706"}],"version-history":[{"count":1,"href":"https:\/\/www.caririemacao.com\/1\/wp-json\/wp\/v2\/posts\/142706\/revisions"}],"predecessor-version":[{"id":142708,"href":"https:\/\/www.caririemacao.com\/1\/wp-json\/wp\/v2\/posts\/142706\/revisions\/142708"}],"wp:featuredmedia":[{"embeddable":true,"href":"https:\/\/www.caririemacao.com\/1\/wp-json\/wp\/v2\/media\/142707"}],"wp:attachment":[{"href":"https:\/\/www.caririemacao.com\/1\/wp-json\/wp\/v2\/media?parent=142706"}],"wp:term":[{"taxonomy":"category","embeddable":true,"href":"https:\/\/www.caririemacao.com\/1\/wp-json\/wp\/v2\/categories?post=142706"},{"taxonomy":"post_tag","embeddable":true,"href":"https:\/\/www.caririemacao.com\/1\/wp-json\/wp\/v2\/tags?post=142706"}],"curies":[{"name":"wp","href":"https:\/\/api.w.org\/{rel}","templated":true}]}}