{"id":142711,"date":"2019-12-24T09:55:14","date_gmt":"2019-12-24T12:55:14","guid":{"rendered":"http:\/\/www.caririemacao.com\/1\/?p=142711"},"modified":"2019-12-24T09:55:14","modified_gmt":"2019-12-24T12:55:14","slug":"treze-finalmente-apresenta-camisa-10-e-diretoria-anuncia-pacote-de-dispensas","status":"publish","type":"post","link":"https:\/\/www.caririemacao.com\/1\/2019\/12\/24\/treze-finalmente-apresenta-camisa-10-e-diretoria-anuncia-pacote-de-dispensas\/","title":{"rendered":"Treze finalmente apresenta camisa 10, e diretoria anuncia pacote de dispensas"},"content":{"rendered":"\n<p><br>Asemana do Natal come\u00e7ou movimentada no est\u00e1dio Presidente Vargas, com chegadas e sa\u00eddas no elenco do Treze Futebol Clube.<\/p>\n\n\n\n<p>Nesta segunda-feira (23), um dia depois de perder amistoso, em casa, para o Sport Lagoa Seca, o time do t\u00e9cnico Celso Teixeira j\u00e1 sofreu sua primeira reformula\u00e7\u00e3o da pr\u00e9-temporada para 2020, quando o Galo vai disputar o Campeonato Paraibano e a S\u00e9rie C do Brasileiro.<\/p>\n\n\n\n<figure class=\"wp-block-image\"><img decoding=\"async\" data-src=\"https:\/\/paraibaonline.com.br\/wp-content\/uploads\/2019\/12\/Moises_10.jpg\" alt=\"\" class=\"wp-image-827067 lazyload\" src=\"data:image\/svg+xml;base64,PHN2ZyB3aWR0aD0iMSIgaGVpZ2h0PSIxIiB4bWxucz0iaHR0cDovL3d3dy53My5vcmcvMjAwMC9zdmciPjwvc3ZnPg==\" \/><\/figure>\n\n\n\n<p>Foto: Ascom \/ Treze<\/p>\n\n\n\n<p>Se por um lado, o meia Mois\u00e9s, de 33 anos, finalmente se apresentou, em outra porta cinco jogadores sa\u00edram.<\/p>\n\n\n\n<p>S\u00e3o os casos do zagueiro D\u00e3o, contratado no \u00faltimo dia 11, mas que parece n\u00e3o ter convencido, dos volantes Robert e Anderson, al\u00e9m dos atacantes L\u00e9o Bahia e Jo\u00e3o Neto.<\/p>\n\n\n\n<p>Em rela\u00e7\u00e3o a Mois\u00e9s, considerado a principal contrata\u00e7\u00e3o alvinegra para 2020, o jogador j\u00e1 est\u00e1 integrado ao plantel, trabalhando normalmente.<\/p>\n\n\n\n<p>O pr\u00f3ximo compromisso de pr\u00e9-temporada do Treze s\u00f3 acontece no ano que vem. No dia 8 de janeiro, no PV, a equipe recebe o N\u00e1utico, no primeiro de dois amistosos entre as os clubes. A volta est\u00e1 agendada para o dia 12, no Recife.<\/p>\n","protected":false},"excerpt":{"rendered":"<p>Asemana do Natal come\u00e7ou movimentada no est\u00e1dio Presidente Vargas, com chegadas e sa\u00eddas no elenco do Treze Futebol Clube. Nesta segunda-feira (23), um dia depois&hellip; <\/p>\n","protected":false},"author":1,"featured_media":142712,"comment_status":"closed","ping_status":"closed","sticky":false,"template":"","format":"standard","meta":{"sfsi_plus_gutenberg_text_before_share":"","sfsi_plus_gutenberg_show_text_before_share":"","sfsi_plus_gutenberg_icon_type":"","sfsi_plus_gutenberg_icon_alignemt":"","sfsi_plus_gutenburg_max_per_row":"","footnotes":""},"categories":[13],"tags":[],"class_list":["post-142711","post","type-post","status-publish","format-standard","has-post-thumbnail","hentry","category-esportes"],"_links":{"self":[{"href":"https:\/\/www.caririemacao.com\/1\/wp-json\/wp\/v2\/posts\/142711","targetHints":{"allow":["GET"]}}],"collection":[{"href":"https:\/\/www.caririemacao.com\/1\/wp-json\/wp\/v2\/posts"}],"about":[{"href":"https:\/\/www.caririemacao.com\/1\/wp-json\/wp\/v2\/types\/post"}],"author":[{"embeddable":true,"href":"https:\/\/www.caririemacao.com\/1\/wp-json\/wp\/v2\/users\/1"}],"replies":[{"embeddable":true,"href":"https:\/\/www.caririemacao.com\/1\/wp-json\/wp\/v2\/comments?post=142711"}],"version-history":[{"count":1,"href":"https:\/\/www.caririemacao.com\/1\/wp-json\/wp\/v2\/posts\/142711\/revisions"}],"predecessor-version":[{"id":142713,"href":"https:\/\/www.caririemacao.com\/1\/wp-json\/wp\/v2\/posts\/142711\/revisions\/142713"}],"wp:featuredmedia":[{"embeddable":true,"href":"https:\/\/www.caririemacao.com\/1\/wp-json\/wp\/v2\/media\/142712"}],"wp:attachment":[{"href":"https:\/\/www.caririemacao.com\/1\/wp-json\/wp\/v2\/media?parent=142711"}],"wp:term":[{"taxonomy":"category","embeddable":true,"href":"https:\/\/www.caririemacao.com\/1\/wp-json\/wp\/v2\/categories?post=142711"},{"taxonomy":"post_tag","embeddable":true,"href":"https:\/\/www.caririemacao.com\/1\/wp-json\/wp\/v2\/tags?post=142711"}],"curies":[{"name":"wp","href":"https:\/\/api.w.org\/{rel}","templated":true}]}}