{"id":142736,"date":"2019-12-24T10:08:04","date_gmt":"2019-12-24T13:08:04","guid":{"rendered":"http:\/\/www.caririemacao.com\/1\/?p=142736"},"modified":"2019-12-24T10:08:04","modified_gmt":"2019-12-24T13:08:04","slug":"chuvas-no-primeiro-trimestre-de-2020-devem-ocorrer-dentro-da-media-no-semiarido","status":"publish","type":"post","link":"https:\/\/www.caririemacao.com\/1\/2019\/12\/24\/chuvas-no-primeiro-trimestre-de-2020-devem-ocorrer-dentro-da-media-no-semiarido\/","title":{"rendered":"Chuvas no primeiro trimestre de 2020 devem ocorrer dentro da m\u00e9dia no Semi\u00e1rido"},"content":{"rendered":"\n<p>A meteorologista da Ag\u00eancia Estadual de Gest\u00e3o das \u00c1guas(Aesa), Marle Bandeira, falou sobre a previs\u00e3o do tempo para o primeiro trimestre de 2020.<\/p>\n\n\n\n<p>Durante entrevista concedida a uma emissora de r\u00e1dio nesta segunda-feira(23), Marle destacou que as chuvas devem acontecer dentro da m\u00e9dia hist\u00f3rica no Semi\u00e1rido paraibano.<\/p>\n\n\n\n<p>\u2013 O progn\u00f3stico mostra que em janeiro, fevereiro e mar\u00e7o de 2020 existe a tend\u00eancia das chuvas ocorrerem dentro da m\u00e9dia hist\u00f3rica para o Semi\u00e1rido paraibano- anunciou Bandeira.<\/p>\n\n\n\n<p>O Semi\u00e1rido paraibano contempla as regi\u00f5es do Alto Sert\u00e3o, Sert\u00e3o, Cariri e Curimata\u00fa.<\/p>\n","protected":false},"excerpt":{"rendered":"<p>A meteorologista da Ag\u00eancia Estadual de Gest\u00e3o das \u00c1guas(Aesa), Marle Bandeira, falou sobre a previs\u00e3o do tempo para o primeiro trimestre de 2020. Durante entrevista&hellip; <\/p>\n","protected":false},"author":1,"featured_media":86799,"comment_status":"closed","ping_status":"closed","sticky":false,"template":"","format":"standard","meta":{"sfsi_plus_gutenberg_text_before_share":"","sfsi_plus_gutenberg_show_text_before_share":"","sfsi_plus_gutenberg_icon_type":"","sfsi_plus_gutenberg_icon_alignemt":"","sfsi_plus_gutenburg_max_per_row":"","footnotes":""},"categories":[2],"tags":[],"class_list":["post-142736","post","type-post","status-publish","format-standard","has-post-thumbnail","hentry","category-geral"],"_links":{"self":[{"href":"https:\/\/www.caririemacao.com\/1\/wp-json\/wp\/v2\/posts\/142736","targetHints":{"allow":["GET"]}}],"collection":[{"href":"https:\/\/www.caririemacao.com\/1\/wp-json\/wp\/v2\/posts"}],"about":[{"href":"https:\/\/www.caririemacao.com\/1\/wp-json\/wp\/v2\/types\/post"}],"author":[{"embeddable":true,"href":"https:\/\/www.caririemacao.com\/1\/wp-json\/wp\/v2\/users\/1"}],"replies":[{"embeddable":true,"href":"https:\/\/www.caririemacao.com\/1\/wp-json\/wp\/v2\/comments?post=142736"}],"version-history":[{"count":1,"href":"https:\/\/www.caririemacao.com\/1\/wp-json\/wp\/v2\/posts\/142736\/revisions"}],"predecessor-version":[{"id":142739,"href":"https:\/\/www.caririemacao.com\/1\/wp-json\/wp\/v2\/posts\/142736\/revisions\/142739"}],"wp:featuredmedia":[{"embeddable":true,"href":"https:\/\/www.caririemacao.com\/1\/wp-json\/wp\/v2\/media\/86799"}],"wp:attachment":[{"href":"https:\/\/www.caririemacao.com\/1\/wp-json\/wp\/v2\/media?parent=142736"}],"wp:term":[{"taxonomy":"category","embeddable":true,"href":"https:\/\/www.caririemacao.com\/1\/wp-json\/wp\/v2\/categories?post=142736"},{"taxonomy":"post_tag","embeddable":true,"href":"https:\/\/www.caririemacao.com\/1\/wp-json\/wp\/v2\/tags?post=142736"}],"curies":[{"name":"wp","href":"https:\/\/api.w.org\/{rel}","templated":true}]}}