{"id":142746,"date":"2019-12-24T10:19:55","date_gmt":"2019-12-24T13:19:55","guid":{"rendered":"http:\/\/www.caririemacao.com\/1\/?p=142746"},"modified":"2019-12-24T10:19:55","modified_gmt":"2019-12-24T13:19:55","slug":"chegada-do-papai-noel-reune-centenas-de-criancas-na-praca-joao-pessoa-em-monteiro","status":"publish","type":"post","link":"https:\/\/www.caririemacao.com\/1\/2019\/12\/24\/chegada-do-papai-noel-reune-centenas-de-criancas-na-praca-joao-pessoa-em-monteiro\/","title":{"rendered":"Chegada do Papai Noel re\u00fane centenas de crian\u00e7as na Pra\u00e7a Jo\u00e3o Pessoa em Monteiro"},"content":{"rendered":"\n<p>O Papai Noel chegou a cidade de Monteiro no \u00faltimo s\u00e1bado, 21, em seu tren\u00f3 e passeou pela avenida principal no centro da cidade levando o encantamento do Natal. Antes da chegada do bom velhinho os alunos da escola de idiomas Easy realizaram uma bela apresenta\u00e7\u00e3o musical com o coral.<\/p>\n\n\n\n<p>A chegada do Papai Noel, que integra a programa\u00e7\u00e3o de fim de ano preparado pela administra\u00e7\u00e3o municipal, aconteceu na Pra\u00e7a Jo\u00e3o Pessoa e permitiu com que as crian\u00e7as pudessem realizar seus pedidos.<\/p>\n\n\n\n<p>Com a Pra\u00e7a lotada, o Papai Noel atendeu e tirou fotos com todas as crian\u00e7as presentes, deixou sua mensagem e realizou o t\u00e3o esperado sorteio da cartinha que ganhou a bicicleta.<\/p>\n\n\n\n<div class=\"wp-block-image\"><figure class=\"alignleft\"><img decoding=\"async\" data-src=\"https:\/\/i2.wp.com\/www.vitrinedocariri.com.br\/wp-content\/uploads\/2019\/12\/Chegada-do-Papai-Noel-re%C3%BAne-centenas-de-crian%C3%A7as-na-Pra%C3%A7a-Jo%C3%A3o-Pessoa-em-Monteiro-4.jpeg?zoom=2&amp;resize=330%2C219&amp;ssl=1\" alt=\"\" class=\"wp-image-60441 lazyload\" src=\"data:image\/svg+xml;base64,PHN2ZyB3aWR0aD0iMSIgaGVpZ2h0PSIxIiB4bWxucz0iaHR0cDovL3d3dy53My5vcmcvMjAwMC9zdmciPjwvc3ZnPg==\" \/><\/figure><\/div>\n\n\n\n<p>Durante a comemora\u00e7\u00e3o, a prefeita Anna Lorena fez quest\u00e3o de enviar sua mensagem de natalina aos monteirenses que participaram deste evento que levou muita alegria e emo\u00e7\u00e3o.<\/p>\n\n\n\n<p>\u201cA gente pode sonhar acordado e sentir o que h\u00e1 de mais lindo dentro do cora\u00e7\u00e3o. Eu e minha filhinha ficamos ansiosas pela chegada do Papai Noel que tem sido muito lindo nesses anos. A prefeita est\u00e1 de parab\u00e9ns\u201d, comentou a senhora Maria das Dores Nascimento.<\/p>\n\n\n\n<p>\u201cNos emocionamos muito durante a apresenta\u00e7\u00e3o do coral e tamb\u00e9m com a chegada do Papai Noel, especialmente das crian\u00e7as que ficam maravilhadas com a beleza de cada detalhe. Desde o tren\u00f3 ao atendimento do velhinho, tudo foi perfeito\u201d, disse Mariana Santos, turista do estado do Cear\u00e1.<\/p>\n\n\n\n<div class=\"wp-block-image\"><figure class=\"alignleft\"><img decoding=\"async\" data-src=\"https:\/\/i1.wp.com\/www.vitrinedocariri.com.br\/wp-content\/uploads\/2019\/12\/Chegada-do-Papai-Noel-re%C3%BAne-centenas-de-crian%C3%A7as-na-Pra%C3%A7a-Jo%C3%A3o-Pessoa-em-Monteiro-6.jpeg?zoom=2&amp;resize=330%2C219&amp;ssl=1\" alt=\"\" class=\"wp-image-60442 lazyload\" src=\"data:image\/svg+xml;base64,PHN2ZyB3aWR0aD0iMSIgaGVpZ2h0PSIxIiB4bWxucz0iaHR0cDovL3d3dy53My5vcmcvMjAwMC9zdmciPjwvc3ZnPg==\" \/><\/figure><\/div>\n\n\n\n<p>Para a secret\u00e1ria de Desenvolvimento Social, Rosa Aleixo, que esteve coordenando o evento, esta \u00e9 mais uma a\u00e7\u00e3o realizada para a popula\u00e7\u00e3o monteirense como forma de oferecer um entretenimento de qualidade. \u201cCom a sensa\u00e7\u00e3o de muito amor no cora\u00e7\u00e3o finalizamos este evento. <\/p>\n\n\n\n<p>Realizado para toda a fam\u00edlia, sempre buscamos o melhor para oferecer aos monteirenses e principalmente nesta \u00e9poca do ano onde as fam\u00edlias se re\u00fanem para comemorar o Natal. Enfim, esperamos que todos tenham sonhado um pouquinho conosco neste momento t\u00e3o especial\u201d.<\/p>\n","protected":false},"excerpt":{"rendered":"<p>O Papai Noel chegou a cidade de Monteiro no \u00faltimo s\u00e1bado, 21, em seu tren\u00f3 e passeou pela avenida principal no centro da cidade levando&hellip; <\/p>\n","protected":false},"author":1,"featured_media":142747,"comment_status":"closed","ping_status":"closed","sticky":false,"template":"","format":"standard","meta":{"sfsi_plus_gutenberg_text_before_share":"","sfsi_plus_gutenberg_show_text_before_share":"","sfsi_plus_gutenberg_icon_type":"","sfsi_plus_gutenberg_icon_alignemt":"","sfsi_plus_gutenburg_max_per_row":"","footnotes":""},"categories":[6],"tags":[],"class_list":["post-142746","post","type-post","status-publish","format-standard","has-post-thumbnail","hentry","category-cidades"],"_links":{"self":[{"href":"https:\/\/www.caririemacao.com\/1\/wp-json\/wp\/v2\/posts\/142746","targetHints":{"allow":["GET"]}}],"collection":[{"href":"https:\/\/www.caririemacao.com\/1\/wp-json\/wp\/v2\/posts"}],"about":[{"href":"https:\/\/www.caririemacao.com\/1\/wp-json\/wp\/v2\/types\/post"}],"author":[{"embeddable":true,"href":"https:\/\/www.caririemacao.com\/1\/wp-json\/wp\/v2\/users\/1"}],"replies":[{"embeddable":true,"href":"https:\/\/www.caririemacao.com\/1\/wp-json\/wp\/v2\/comments?post=142746"}],"version-history":[{"count":1,"href":"https:\/\/www.caririemacao.com\/1\/wp-json\/wp\/v2\/posts\/142746\/revisions"}],"predecessor-version":[{"id":142748,"href":"https:\/\/www.caririemacao.com\/1\/wp-json\/wp\/v2\/posts\/142746\/revisions\/142748"}],"wp:featuredmedia":[{"embeddable":true,"href":"https:\/\/www.caririemacao.com\/1\/wp-json\/wp\/v2\/media\/142747"}],"wp:attachment":[{"href":"https:\/\/www.caririemacao.com\/1\/wp-json\/wp\/v2\/media?parent=142746"}],"wp:term":[{"taxonomy":"category","embeddable":true,"href":"https:\/\/www.caririemacao.com\/1\/wp-json\/wp\/v2\/categories?post=142746"},{"taxonomy":"post_tag","embeddable":true,"href":"https:\/\/www.caririemacao.com\/1\/wp-json\/wp\/v2\/tags?post=142746"}],"curies":[{"name":"wp","href":"https:\/\/api.w.org\/{rel}","templated":true}]}}