{"id":142756,"date":"2019-12-24T10:49:35","date_gmt":"2019-12-24T13:49:35","guid":{"rendered":"http:\/\/www.caririemacao.com\/1\/?p=142756"},"modified":"2019-12-24T10:49:35","modified_gmt":"2019-12-24T13:49:35","slug":"prefeito-de-caraubas-decreta-ponto-facultativo-no-natal-e-reveillon-2019","status":"publish","type":"post","link":"https:\/\/www.caririemacao.com\/1\/2019\/12\/24\/prefeito-de-caraubas-decreta-ponto-facultativo-no-natal-e-reveillon-2019\/","title":{"rendered":"Prefeito de Cara\u00fabas decreta ponto facultativo no natal e reveillon 2019"},"content":{"rendered":"\n<p>O prefeito Silvano Dudu do munic\u00edpio de Cara\u00fabas decretou hoje Ponto Facultativo nas reparti\u00e7\u00f5es p\u00fablicas municipais nesta ter\u00e7a-feira, dia 54\/12, v\u00e9spera de Natal e no dia 31\/12, v\u00e9spera de Ano Novo, alterando o hor\u00e1rio de funcionamento das unidades administrativas municipais.<br><\/p>\n\n\n\n<p>De acordo com o decreto expedido nesta segunda-feira, dia 23\/12, todas as reparti\u00e7\u00f5es p\u00fablicas estar\u00e3o de portas fechadas, com exce\u00e7\u00e3o dos servi\u00e7os essenciais a popula\u00e7\u00e3o como sa\u00fade e servi\u00e7os urbanos que funcionar\u00e3o em regime de plant\u00e3o.<br><\/p>\n\n\n\n<p>Silvano Dudu afirmou que atendendo ao pedido de muitos servidores e para manter uma tradi\u00e7\u00e3o secular onde nesta \u00e9poca do ano as fam\u00edlias se re\u00fanem para celebrar o nascimento do menino Jesus, bem como, os que residem em outros centros maiores aproveitam para se confraternizarem. Acima de tudo resguardo o respeito pelo per\u00edodo que vivenciamos. <\/p>\n\n\n\n<p>Respeito a religiosidade, divindade e cristandade que o momento oportuniza, afirmou ele.<br> Nesta quinta e sexta-feira, haver\u00e1 expediente normal, bem como, no dia 30\/12, na segunda-feira. <\/p>\n\n\n\n<p>A Prefeitura retoma suas atividades normais a partir do dia 2 de Janeiro de 2020, uma quinta-feira. O prefeito aproveita o momento para desejar aos amigos, servidores p\u00fablicos, correligion\u00e1rios e as fam\u00edlias caraubenses um Feliz Natal, cheio de paz, sa\u00fade e harmonia. Um Ano Novo venturoso e repleto de realiza\u00e7\u00f5es e novas conquistas, sempre pensando no Futuro de nossa gente.<\/p>\n\n\n\n<p>Fonte: SEPLACOM<br>Foto: Arquivo SEPLACOM<\/p>\n","protected":false},"excerpt":{"rendered":"<p>O prefeito Silvano Dudu do munic\u00edpio de Cara\u00fabas decretou hoje Ponto Facultativo nas reparti\u00e7\u00f5es p\u00fablicas municipais nesta ter\u00e7a-feira, dia 54\/12, v\u00e9spera de Natal e no&hellip; <\/p>\n","protected":false},"author":1,"featured_media":142757,"comment_status":"closed","ping_status":"closed","sticky":false,"template":"","format":"standard","meta":{"sfsi_plus_gutenberg_text_before_share":"","sfsi_plus_gutenberg_show_text_before_share":"","sfsi_plus_gutenberg_icon_type":"","sfsi_plus_gutenberg_icon_alignemt":"","sfsi_plus_gutenburg_max_per_row":"","footnotes":""},"categories":[6],"tags":[],"class_list":["post-142756","post","type-post","status-publish","format-standard","has-post-thumbnail","hentry","category-cidades"],"_links":{"self":[{"href":"https:\/\/www.caririemacao.com\/1\/wp-json\/wp\/v2\/posts\/142756","targetHints":{"allow":["GET"]}}],"collection":[{"href":"https:\/\/www.caririemacao.com\/1\/wp-json\/wp\/v2\/posts"}],"about":[{"href":"https:\/\/www.caririemacao.com\/1\/wp-json\/wp\/v2\/types\/post"}],"author":[{"embeddable":true,"href":"https:\/\/www.caririemacao.com\/1\/wp-json\/wp\/v2\/users\/1"}],"replies":[{"embeddable":true,"href":"https:\/\/www.caririemacao.com\/1\/wp-json\/wp\/v2\/comments?post=142756"}],"version-history":[{"count":1,"href":"https:\/\/www.caririemacao.com\/1\/wp-json\/wp\/v2\/posts\/142756\/revisions"}],"predecessor-version":[{"id":142758,"href":"https:\/\/www.caririemacao.com\/1\/wp-json\/wp\/v2\/posts\/142756\/revisions\/142758"}],"wp:featuredmedia":[{"embeddable":true,"href":"https:\/\/www.caririemacao.com\/1\/wp-json\/wp\/v2\/media\/142757"}],"wp:attachment":[{"href":"https:\/\/www.caririemacao.com\/1\/wp-json\/wp\/v2\/media?parent=142756"}],"wp:term":[{"taxonomy":"category","embeddable":true,"href":"https:\/\/www.caririemacao.com\/1\/wp-json\/wp\/v2\/categories?post=142756"},{"taxonomy":"post_tag","embeddable":true,"href":"https:\/\/www.caririemacao.com\/1\/wp-json\/wp\/v2\/tags?post=142756"}],"curies":[{"name":"wp","href":"https:\/\/api.w.org\/{rel}","templated":true}]}}