{"id":142768,"date":"2019-12-24T13:04:42","date_gmt":"2019-12-24T16:04:42","guid":{"rendered":"http:\/\/www.caririemacao.com\/1\/?p=142768"},"modified":"2019-12-24T13:04:42","modified_gmt":"2019-12-24T16:04:42","slug":"mensagem-do-prefeito-sandro-moco-e-do-vice-prefeito-kiel-para-a-populacao-de-camalau","status":"publish","type":"post","link":"https:\/\/www.caririemacao.com\/1\/2019\/12\/24\/mensagem-do-prefeito-sandro-moco-e-do-vice-prefeito-kiel-para-a-populacao-de-camalau\/","title":{"rendered":"Mensagem do Prefeito Sandro M\u00f4co e do Vice-prefeito Kiel para a popula\u00e7\u00e3o de Camala\u00fa"},"content":{"rendered":"\n<p>O prefeito de Camala\u00fa Sandro M\u00f4co e o vice-prefeito Kiel em nome de toda a equipe que faz a administra\u00e7\u00e3o municipal encaminha sua mensagem de Boas Festas \u00e0 toda popula\u00e7\u00e3o camalauense.<\/p>\n\n\n\n<p>Confira:<\/p>\n\n\n\n<p><\/p>\n\n\n\n<figure class=\"wp-block-image\"><a href=\"https:\/\/1.bp.blogspot.com\/-0TqMSAlZrsw\/XgIX_8PObxI\/AAAAAAAAHQY\/1wRr-pVVizQk6AZLjEIw6KenZKz7qfzVQCLcBGAsYHQ\/s1600\/IMG-20191224-WA0111.jpg\"><img decoding=\"async\" data-src=\"https:\/\/1.bp.blogspot.com\/-0TqMSAlZrsw\/XgIX_8PObxI\/AAAAAAAAHQY\/1wRr-pVVizQk6AZLjEIw6KenZKz7qfzVQCLcBGAsYHQ\/s280\/IMG-20191224-WA0111.jpg\" alt=\"\" src=\"data:image\/svg+xml;base64,PHN2ZyB3aWR0aD0iMSIgaGVpZ2h0PSIxIiB4bWxucz0iaHR0cDovL3d3dy53My5vcmcvMjAwMC9zdmciPjwvc3ZnPg==\" class=\"lazyload\" \/><\/a><\/figure>\n","protected":false},"excerpt":{"rendered":"<p>O prefeito de Camala\u00fa Sandro M\u00f4co e o vice-prefeito Kiel em nome de toda a equipe que faz a administra\u00e7\u00e3o municipal encaminha sua mensagem de&hellip; <\/p>\n","protected":false},"author":1,"featured_media":112422,"comment_status":"closed","ping_status":"closed","sticky":false,"template":"","format":"standard","meta":{"sfsi_plus_gutenberg_text_before_share":"","sfsi_plus_gutenberg_show_text_before_share":"","sfsi_plus_gutenberg_icon_type":"","sfsi_plus_gutenberg_icon_alignemt":"","sfsi_plus_gutenburg_max_per_row":"","footnotes":""},"categories":[2],"tags":[],"class_list":["post-142768","post","type-post","status-publish","format-standard","has-post-thumbnail","hentry","category-geral"],"_links":{"self":[{"href":"https:\/\/www.caririemacao.com\/1\/wp-json\/wp\/v2\/posts\/142768","targetHints":{"allow":["GET"]}}],"collection":[{"href":"https:\/\/www.caririemacao.com\/1\/wp-json\/wp\/v2\/posts"}],"about":[{"href":"https:\/\/www.caririemacao.com\/1\/wp-json\/wp\/v2\/types\/post"}],"author":[{"embeddable":true,"href":"https:\/\/www.caririemacao.com\/1\/wp-json\/wp\/v2\/users\/1"}],"replies":[{"embeddable":true,"href":"https:\/\/www.caririemacao.com\/1\/wp-json\/wp\/v2\/comments?post=142768"}],"version-history":[{"count":1,"href":"https:\/\/www.caririemacao.com\/1\/wp-json\/wp\/v2\/posts\/142768\/revisions"}],"predecessor-version":[{"id":142769,"href":"https:\/\/www.caririemacao.com\/1\/wp-json\/wp\/v2\/posts\/142768\/revisions\/142769"}],"wp:featuredmedia":[{"embeddable":true,"href":"https:\/\/www.caririemacao.com\/1\/wp-json\/wp\/v2\/media\/112422"}],"wp:attachment":[{"href":"https:\/\/www.caririemacao.com\/1\/wp-json\/wp\/v2\/media?parent=142768"}],"wp:term":[{"taxonomy":"category","embeddable":true,"href":"https:\/\/www.caririemacao.com\/1\/wp-json\/wp\/v2\/categories?post=142768"},{"taxonomy":"post_tag","embeddable":true,"href":"https:\/\/www.caririemacao.com\/1\/wp-json\/wp\/v2\/tags?post=142768"}],"curies":[{"name":"wp","href":"https:\/\/api.w.org\/{rel}","templated":true}]}}