{"id":142771,"date":"2019-12-24T13:06:44","date_gmt":"2019-12-24T16:06:44","guid":{"rendered":"http:\/\/www.caririemacao.com\/1\/?p=142771"},"modified":"2019-12-24T13:06:44","modified_gmt":"2019-12-24T16:06:44","slug":"confira-a-mensagem-de-natal-do-diretor-do-cec-educacional","status":"publish","type":"post","link":"https:\/\/www.caririemacao.com\/1\/2019\/12\/24\/confira-a-mensagem-de-natal-do-diretor-do-cec-educacional\/","title":{"rendered":"Confira a mensagem de Natal do Diretor do CEC EDUCACIONAL"},"content":{"rendered":"\n<p>O Diretor do CEC EDUCACIONAL professor C\u00edcero Roberto deixou uma mensagem de paz e felicita\u00e7\u00f5es pela passagem das festas de final de Ano a toda comunidade.<\/p>\n\n\n\n<p>A mensagem foi preparada em nome de todos os professores, funcion\u00e1rios e colaboradores do CEC EDUCACIONAL.<\/p>\n\n\n\n<p>Confira:<\/p>\n\n\n\n<p><\/p>\n\n\n\n<figure class=\"wp-block-image\"><a href=\"https:\/\/1.bp.blogspot.com\/-YKeZdVC7BKM\/XgIVJSCU_AI\/AAAAAAAAHQM\/cJjiKJBr8qs1hq5uXxTSLQYAjDJXMtghgCLcBGAsYHQ\/s1600\/IMG-20191224-WA0113.jpg\"><img decoding=\"async\" data-src=\"https:\/\/1.bp.blogspot.com\/-YKeZdVC7BKM\/XgIVJSCU_AI\/AAAAAAAAHQM\/cJjiKJBr8qs1hq5uXxTSLQYAjDJXMtghgCLcBGAsYHQ\/s280\/IMG-20191224-WA0113.jpg\" alt=\"\" src=\"data:image\/svg+xml;base64,PHN2ZyB3aWR0aD0iMSIgaGVpZ2h0PSIxIiB4bWxucz0iaHR0cDovL3d3dy53My5vcmcvMjAwMC9zdmciPjwvc3ZnPg==\" class=\"lazyload\" \/><\/a><\/figure>\n","protected":false},"excerpt":{"rendered":"<p>O Diretor do CEC EDUCACIONAL professor C\u00edcero Roberto deixou uma mensagem de paz e felicita\u00e7\u00f5es pela passagem das festas de final de Ano a toda&hellip; <\/p>\n","protected":false},"author":1,"featured_media":142773,"comment_status":"closed","ping_status":"closed","sticky":false,"template":"","format":"standard","meta":{"sfsi_plus_gutenberg_text_before_share":"","sfsi_plus_gutenberg_show_text_before_share":"","sfsi_plus_gutenberg_icon_type":"","sfsi_plus_gutenberg_icon_alignemt":"","sfsi_plus_gutenburg_max_per_row":"","footnotes":""},"categories":[2],"tags":[],"class_list":["post-142771","post","type-post","status-publish","format-standard","has-post-thumbnail","hentry","category-geral"],"_links":{"self":[{"href":"https:\/\/www.caririemacao.com\/1\/wp-json\/wp\/v2\/posts\/142771","targetHints":{"allow":["GET"]}}],"collection":[{"href":"https:\/\/www.caririemacao.com\/1\/wp-json\/wp\/v2\/posts"}],"about":[{"href":"https:\/\/www.caririemacao.com\/1\/wp-json\/wp\/v2\/types\/post"}],"author":[{"embeddable":true,"href":"https:\/\/www.caririemacao.com\/1\/wp-json\/wp\/v2\/users\/1"}],"replies":[{"embeddable":true,"href":"https:\/\/www.caririemacao.com\/1\/wp-json\/wp\/v2\/comments?post=142771"}],"version-history":[{"count":1,"href":"https:\/\/www.caririemacao.com\/1\/wp-json\/wp\/v2\/posts\/142771\/revisions"}],"predecessor-version":[{"id":142774,"href":"https:\/\/www.caririemacao.com\/1\/wp-json\/wp\/v2\/posts\/142771\/revisions\/142774"}],"wp:featuredmedia":[{"embeddable":true,"href":"https:\/\/www.caririemacao.com\/1\/wp-json\/wp\/v2\/media\/142773"}],"wp:attachment":[{"href":"https:\/\/www.caririemacao.com\/1\/wp-json\/wp\/v2\/media?parent=142771"}],"wp:term":[{"taxonomy":"category","embeddable":true,"href":"https:\/\/www.caririemacao.com\/1\/wp-json\/wp\/v2\/categories?post=142771"},{"taxonomy":"post_tag","embeddable":true,"href":"https:\/\/www.caririemacao.com\/1\/wp-json\/wp\/v2\/tags?post=142771"}],"curies":[{"name":"wp","href":"https:\/\/api.w.org\/{rel}","templated":true}]}}