{"id":142781,"date":"2019-12-24T17:35:15","date_gmt":"2019-12-24T20:35:15","guid":{"rendered":"http:\/\/www.caririemacao.com\/1\/?p=142781"},"modified":"2019-12-24T17:35:15","modified_gmt":"2019-12-24T20:35:15","slug":"ministra-maria-thereza-mantem-decisao-de-napoleao-e-stj-so-decide-em-fevereiro-se-revoga-habeas-corpus-de-ricardo-coutinho","status":"publish","type":"post","link":"https:\/\/www.caririemacao.com\/1\/2019\/12\/24\/ministra-maria-thereza-mantem-decisao-de-napoleao-e-stj-so-decide-em-fevereiro-se-revoga-habeas-corpus-de-ricardo-coutinho\/","title":{"rendered":"Ministra Maria Thereza mant\u00e9m decis\u00e3o de Napole\u00e3o e STJ s\u00f3 decide em fevereiro se revoga habeas corpus de Ricardo Coutinho"},"content":{"rendered":"\n<p>A vice-presidente do STJ, ministra Maria Thereza de Assis Moura, manteve, nesta ter\u00e7a-feira (24), decis\u00e3o do ministro Napole\u00e3o Nunes Maia Filho e o Superior Tribunal de Justi\u00e7a somente decidir\u00e1 em fevereiro se revoga, ou n\u00e3o, o habeas corpus do ex-governador da Para\u00edba, Ricardo Coutinho.<\/p>\n\n\n\n<figure class=\"wp-block-image\"><img decoding=\"async\" data-src=\"https:\/\/www.clickpb.com.br\/media\/filer_public\/ee\/97\/ee97cba8-d761-4374-9746-b373c7348771\/hc_ricardo_coutinho_23_a_24-12.jpg\" alt=\"\" src=\"data:image\/svg+xml;base64,PHN2ZyB3aWR0aD0iMSIgaGVpZ2h0PSIxIiB4bWxucz0iaHR0cDovL3d3dy53My5vcmcvMjAwMC9zdmciPjwvc3ZnPg==\" class=\"lazyload\" \/><\/figure>\n\n\n\n<p>Ontem (23), Maria Thereza havia rejeitado pedido de soltura atrav\u00e9s de HC para Coriolano Coutinho e outros 8 presos na Opera\u00e7\u00e3o Calv\u00e1rio.<\/p>\n\n\n\n<p>A ministra tamb\u00e9m negou pedidos de liberdade dos empres\u00e1rios Vladimir dos Santos Neiva, Valdemar Abdalla e M\u00e1rcio Nogueira Vignoli; dos ex-secret\u00e1rios Waldson de Souza (Sa\u00fade), Gilberto Carneiro da Gama (Administra\u00e7\u00e3o) e Jos\u00e9 Arthur Viana Teixeira (Educa\u00e7\u00e3o); al\u00e9m de Bruno Caldas e Hilario Nogueira, acusados de intermediar pagamento de propinas.<\/p>\n\n\n\n<p>A Procuradoria-Geral da Rep\u00fablica (PGR) entrou com um recurso, na noite dessa segunda-feira (23), para derrubar a liminar que determinou o habeas corpus do ex-governador da Para\u00edba Ricardo Coutinho. A decis\u00e3o pela soltura foi do ministro do Superior Tribunal de Justi\u00e7a (STJ), Napole\u00e3o Nunes Maia Filho.<\/p>\n\n\n\n<p>A PGR alega o ex-governador \u00e9 apontado como l\u00edder de uma organiza\u00e7\u00e3o criminosa e est\u00e1 respondendo em liberdade, enquanto outros envolvidos permanecem presos. O Minist\u00e9rio P\u00fablico Federal questiona: \u201cQual \u00e9 a ordem p\u00fablica vigente no Estado da Para\u00edba? A que o Tribunal de Justi\u00e7a paraibano protege ao isolar cautelarmente do conv\u00edvio social o ex-governador que comanda uma organiza\u00e7\u00e3o criminosa ou a ordem criminosa que se apropriou de recursos p\u00fablicos\u201d?<\/p>\n\n\n\n<p>A pris\u00e3o do ex-governador foi determinada pelo desembargador Ricardo Vital, do Tribunal de Justi\u00e7a da Para\u00edba (TJPB). O recurso foi dirigido \u00e0 ministra Laurita Vaz, que por sua vez negou o pedido de habeas corpus aos primeiros presos da setima fase da Opera\u00e7\u00e3o Calv\u00e1rio.<\/p>\n","protected":false},"excerpt":{"rendered":"<p>A vice-presidente do STJ, ministra Maria Thereza de Assis Moura, manteve, nesta ter\u00e7a-feira (24), decis\u00e3o do ministro Napole\u00e3o Nunes Maia Filho e o Superior Tribunal&hellip; <\/p>\n","protected":false},"author":1,"featured_media":142783,"comment_status":"closed","ping_status":"closed","sticky":false,"template":"","format":"standard","meta":{"sfsi_plus_gutenberg_text_before_share":"","sfsi_plus_gutenberg_show_text_before_share":"","sfsi_plus_gutenberg_icon_type":"","sfsi_plus_gutenberg_icon_alignemt":"","sfsi_plus_gutenburg_max_per_row":"","footnotes":""},"categories":[11],"tags":[],"class_list":["post-142781","post","type-post","status-publish","format-standard","has-post-thumbnail","hentry","category-politica"],"_links":{"self":[{"href":"https:\/\/www.caririemacao.com\/1\/wp-json\/wp\/v2\/posts\/142781","targetHints":{"allow":["GET"]}}],"collection":[{"href":"https:\/\/www.caririemacao.com\/1\/wp-json\/wp\/v2\/posts"}],"about":[{"href":"https:\/\/www.caririemacao.com\/1\/wp-json\/wp\/v2\/types\/post"}],"author":[{"embeddable":true,"href":"https:\/\/www.caririemacao.com\/1\/wp-json\/wp\/v2\/users\/1"}],"replies":[{"embeddable":true,"href":"https:\/\/www.caririemacao.com\/1\/wp-json\/wp\/v2\/comments?post=142781"}],"version-history":[{"count":1,"href":"https:\/\/www.caririemacao.com\/1\/wp-json\/wp\/v2\/posts\/142781\/revisions"}],"predecessor-version":[{"id":142784,"href":"https:\/\/www.caririemacao.com\/1\/wp-json\/wp\/v2\/posts\/142781\/revisions\/142784"}],"wp:featuredmedia":[{"embeddable":true,"href":"https:\/\/www.caririemacao.com\/1\/wp-json\/wp\/v2\/media\/142783"}],"wp:attachment":[{"href":"https:\/\/www.caririemacao.com\/1\/wp-json\/wp\/v2\/media?parent=142781"}],"wp:term":[{"taxonomy":"category","embeddable":true,"href":"https:\/\/www.caririemacao.com\/1\/wp-json\/wp\/v2\/categories?post=142781"},{"taxonomy":"post_tag","embeddable":true,"href":"https:\/\/www.caririemacao.com\/1\/wp-json\/wp\/v2\/tags?post=142781"}],"curies":[{"name":"wp","href":"https:\/\/api.w.org\/{rel}","templated":true}]}}