{"id":142792,"date":"2019-12-24T17:45:36","date_gmt":"2019-12-24T20:45:36","guid":{"rendered":"http:\/\/www.caririemacao.com\/1\/?p=142792"},"modified":"2019-12-24T17:45:36","modified_gmt":"2019-12-24T20:45:36","slug":"tragedia-na-vespera-do-natal-deslizamento-mata-7-pessoas-no-recife","status":"publish","type":"post","link":"https:\/\/www.caririemacao.com\/1\/2019\/12\/24\/tragedia-na-vespera-do-natal-deslizamento-mata-7-pessoas-no-recife\/","title":{"rendered":"Trag\u00e9dia na v\u00e9spera do Natal: deslizamento mata 7 pessoas no Recife"},"content":{"rendered":"\n<p>Um deslizamento de terra deixou sete mortos e tr\u00eas feridos na madrugada desta ter\u00e7a-feira (24) no Recife.<\/p>\n\n\n\n<p>Como n\u00e3o choveu na madrugada no Recife, as causas do acidente ainda s\u00e3o desconhecidas. A Folha apurou que a principal suspeita \u00e9 que o deslizamento tenha sido causado por um vazamento em uma tubula\u00e7\u00e3o da Compesa, empresa estadual de \u00e1gua e saneamento.<\/p>\n\n\n\n<p>A terra deslizou sobre duas casas no bairro de Dois Unidos, na zona norte da cidade. Em uma das casas, morreu um casal de adultos, de 25 e 19 anos, e um beb\u00ea de dois meses, filho do casal. Na outra casa, morreu uma adulta de 50 anos e sua neta, uma crian\u00e7a de nove anos.<\/p>\n\n\n\n<p>Os tr\u00eas feridos s\u00e3o adultos de 43, 56 e 57 anos que foram encaminhados para um hospital e uma unidade de pronto atendimento da regi\u00e3o. N\u00e3o h\u00e1 informa\u00e7\u00f5es sobre o estado de sa\u00fade dos tr\u00eas.<\/p>\n\n\n\n<p>O Corpo de Bombeiros informou que ainda n\u00e3o \u00e9 poss\u00edvel determinar as causas do acidente, j\u00e1 que a ocorr\u00eancia ainda est\u00e1 em andamento.<\/p>\n\n\n\n<p>Os bombeiros foram acionados \u00e0s 2h55, quando foram enviadas seis viaturas ao local, sendo duas de busca e salvamento, uma de busca com os cachorros, uma de comando operacional e duas de resgate.<\/p>\n\n\n\n<figure class=\"wp-block-image\"><img decoding=\"async\" data-src=\"https:\/\/paraibaonline.com.br\/wp-content\/uploads\/2019\/12\/tragedia-recife2-556x417.jpeg\" alt=\"Foto: Felipe Ribeiro\/JC Imagem\/Folhapress\" class=\"wp-image-827166 lazyload\" src=\"data:image\/svg+xml;base64,PHN2ZyB3aWR0aD0iMSIgaGVpZ2h0PSIxIiB4bWxucz0iaHR0cDovL3d3dy53My5vcmcvMjAwMC9zdmciPjwvc3ZnPg==\" style=\"--smush-placeholder-width: 556px; --smush-placeholder-aspect-ratio: 556\/417;\" \/><\/figure>\n\n\n\n<p>Foto: Felipe Ribeiro\/JC Imagem\/Folhapress<\/p>\n\n\n\n<p>As equipes dos Bombeiros trabalham na tentativa de resgate de duas mulheres que ainda est\u00e3o desaparecidas. A Defesa Civil do Recife est\u00e1 no local e aguarda a finaliza\u00e7\u00e3o do trabalho dos Bombeiros para analisar os estragos e poss\u00edveis interdi\u00e7\u00f5es de casas vizinhas.<\/p>\n\n\n\n<p>Em nota, a Compesa informou que foi acionada por volta das 3h desta ter\u00e7a por conta de um vazamento no bairro de Dois Unidos e \u201cimediatamente o sistema que abastece a localidade foi desligado\u201d.<\/p>\n\n\n\n<p>A estatal ainda informa que est\u00e1 no local para, em conjunto com a Defesa Civil apurar as causas e saber o que de fato motivou o acidente. Tamb\u00e9m informou que \u201clamenta o ocorrido e se solidariza com as fam\u00edlias, que est\u00e3o recebendo toda a assist\u00eancia das equipes sociais\u201d da Compesa.<\/p>\n\n\n\n<p>PARA\u00cdBA ONLINE <\/p>\n","protected":false},"excerpt":{"rendered":"<p>Um deslizamento de terra deixou sete mortos e tr\u00eas feridos na madrugada desta ter\u00e7a-feira (24) no Recife. Como n\u00e3o choveu na madrugada no Recife, as&hellip; <\/p>\n","protected":false},"author":1,"featured_media":142795,"comment_status":"closed","ping_status":"closed","sticky":false,"template":"","format":"standard","meta":{"sfsi_plus_gutenberg_text_before_share":"","sfsi_plus_gutenberg_show_text_before_share":"","sfsi_plus_gutenberg_icon_type":"","sfsi_plus_gutenberg_icon_alignemt":"","sfsi_plus_gutenburg_max_per_row":"","footnotes":""},"categories":[12],"tags":[],"class_list":["post-142792","post","type-post","status-publish","format-standard","has-post-thumbnail","hentry","category-policia"],"_links":{"self":[{"href":"https:\/\/www.caririemacao.com\/1\/wp-json\/wp\/v2\/posts\/142792","targetHints":{"allow":["GET"]}}],"collection":[{"href":"https:\/\/www.caririemacao.com\/1\/wp-json\/wp\/v2\/posts"}],"about":[{"href":"https:\/\/www.caririemacao.com\/1\/wp-json\/wp\/v2\/types\/post"}],"author":[{"embeddable":true,"href":"https:\/\/www.caririemacao.com\/1\/wp-json\/wp\/v2\/users\/1"}],"replies":[{"embeddable":true,"href":"https:\/\/www.caririemacao.com\/1\/wp-json\/wp\/v2\/comments?post=142792"}],"version-history":[{"count":1,"href":"https:\/\/www.caririemacao.com\/1\/wp-json\/wp\/v2\/posts\/142792\/revisions"}],"predecessor-version":[{"id":142796,"href":"https:\/\/www.caririemacao.com\/1\/wp-json\/wp\/v2\/posts\/142792\/revisions\/142796"}],"wp:featuredmedia":[{"embeddable":true,"href":"https:\/\/www.caririemacao.com\/1\/wp-json\/wp\/v2\/media\/142795"}],"wp:attachment":[{"href":"https:\/\/www.caririemacao.com\/1\/wp-json\/wp\/v2\/media?parent=142792"}],"wp:term":[{"taxonomy":"category","embeddable":true,"href":"https:\/\/www.caririemacao.com\/1\/wp-json\/wp\/v2\/categories?post=142792"},{"taxonomy":"post_tag","embeddable":true,"href":"https:\/\/www.caririemacao.com\/1\/wp-json\/wp\/v2\/tags?post=142792"}],"curies":[{"name":"wp","href":"https:\/\/api.w.org\/{rel}","templated":true}]}}