{"id":142806,"date":"2019-12-24T22:46:46","date_gmt":"2019-12-25T01:46:46","guid":{"rendered":"http:\/\/www.caririemacao.com\/1\/?p=142806"},"modified":"2019-12-24T22:48:29","modified_gmt":"2019-12-25T01:48:29","slug":"jovem-tenta-se-suicidar-ao-tentar-pular-de-ums-torre-em-monteiro","status":"publish","type":"post","link":"https:\/\/www.caririemacao.com\/1\/2019\/12\/24\/jovem-tenta-se-suicidar-ao-tentar-pular-de-ums-torre-em-monteiro\/","title":{"rendered":"Jovem tenta se suicidar ao tentar pular de ums torre em Monteiro"},"content":{"rendered":"\n<p>Por volta das 21h o jovem com cerca de 22 anos tentou pular da torre da OI da cidade de Monteiro.<\/p>\n\n\n\n<p>O jovem acabou desistindo de pular e se entregou a pol\u00edcia militar que o encaminhou at\u00e9 a Delegacia para tomar as devidas provid\u00eancias.<\/p>\n\n\n\n<p>Foto: Hora1pb<\/p>\n","protected":false},"excerpt":{"rendered":"<p>Por volta das 21h o jovem com cerca de 22 anos tentou pular da torre da OI da cidade de Monteiro. O jovem acabou desistindo&hellip; <\/p>\n","protected":false},"author":1,"featured_media":142807,"comment_status":"closed","ping_status":"closed","sticky":false,"template":"","format":"standard","meta":{"sfsi_plus_gutenberg_text_before_share":"","sfsi_plus_gutenberg_show_text_before_share":"","sfsi_plus_gutenberg_icon_type":"","sfsi_plus_gutenberg_icon_alignemt":"","sfsi_plus_gutenburg_max_per_row":"","footnotes":""},"categories":[50,12],"tags":[],"class_list":["post-142806","post","type-post","status-publish","format-standard","has-post-thumbnail","hentry","category-destaque","category-policia"],"_links":{"self":[{"href":"https:\/\/www.caririemacao.com\/1\/wp-json\/wp\/v2\/posts\/142806","targetHints":{"allow":["GET"]}}],"collection":[{"href":"https:\/\/www.caririemacao.com\/1\/wp-json\/wp\/v2\/posts"}],"about":[{"href":"https:\/\/www.caririemacao.com\/1\/wp-json\/wp\/v2\/types\/post"}],"author":[{"embeddable":true,"href":"https:\/\/www.caririemacao.com\/1\/wp-json\/wp\/v2\/users\/1"}],"replies":[{"embeddable":true,"href":"https:\/\/www.caririemacao.com\/1\/wp-json\/wp\/v2\/comments?post=142806"}],"version-history":[{"count":2,"href":"https:\/\/www.caririemacao.com\/1\/wp-json\/wp\/v2\/posts\/142806\/revisions"}],"predecessor-version":[{"id":142810,"href":"https:\/\/www.caririemacao.com\/1\/wp-json\/wp\/v2\/posts\/142806\/revisions\/142810"}],"wp:featuredmedia":[{"embeddable":true,"href":"https:\/\/www.caririemacao.com\/1\/wp-json\/wp\/v2\/media\/142807"}],"wp:attachment":[{"href":"https:\/\/www.caririemacao.com\/1\/wp-json\/wp\/v2\/media?parent=142806"}],"wp:term":[{"taxonomy":"category","embeddable":true,"href":"https:\/\/www.caririemacao.com\/1\/wp-json\/wp\/v2\/categories?post=142806"},{"taxonomy":"post_tag","embeddable":true,"href":"https:\/\/www.caririemacao.com\/1\/wp-json\/wp\/v2\/tags?post=142806"}],"curies":[{"name":"wp","href":"https:\/\/api.w.org\/{rel}","templated":true}]}}