{"id":142813,"date":"2019-12-25T10:33:38","date_gmt":"2019-12-25T13:33:38","guid":{"rendered":"http:\/\/www.caririemacao.com\/1\/?p=142813"},"modified":"2019-12-25T10:33:38","modified_gmt":"2019-12-25T13:33:38","slug":"gilmar-mendes-sera-o-relator-dos-processos-relacionados-a-operacao-calvario-no-stf","status":"publish","type":"post","link":"https:\/\/www.caririemacao.com\/1\/2019\/12\/25\/gilmar-mendes-sera-o-relator-dos-processos-relacionados-a-operacao-calvario-no-stf\/","title":{"rendered":"Gilmar Mendes ser\u00e1 o relator dos processos relacionados a Opera\u00e7\u00e3o Calv\u00e1rio no STF"},"content":{"rendered":"\n<p>O ministro Gilmar Mendes ser\u00e1 o relator dos processos relacionados a Opera\u00e7\u00e3o Calv\u00e1rio no Supremo Tribunal Federal (STF).<\/p>\n\n\n\n<p>\u00c9 o que indica a a\u00e7\u00e3o de Reclama\u00e7\u00e3o feita pela defesa do ex-secret\u00e1rio adjunto de Educa\u00e7\u00e3o, Jos\u00e9 Arthur Viana Teixeira, \u00e0 Corte.<\/p>\n\n\n\n<p>A Reclama\u00e7\u00e3o foi encaminhada ao relator Gilmar Mendes e s\u00f3 ser\u00e1 apreciada ap\u00f3s o recesso do judici\u00e1rio, em fevereiro.<\/p>\n\n\n\n<p><em>Click PB<\/em><\/p>\n","protected":false},"excerpt":{"rendered":"<p>O ministro Gilmar Mendes ser\u00e1 o relator dos processos relacionados a Opera\u00e7\u00e3o Calv\u00e1rio no Supremo Tribunal Federal (STF). \u00c9 o que indica a a\u00e7\u00e3o de&hellip; <\/p>\n","protected":false},"author":1,"featured_media":50846,"comment_status":"closed","ping_status":"closed","sticky":false,"template":"","format":"standard","meta":{"sfsi_plus_gutenberg_text_before_share":"","sfsi_plus_gutenberg_show_text_before_share":"","sfsi_plus_gutenberg_icon_type":"","sfsi_plus_gutenberg_icon_alignemt":"","sfsi_plus_gutenburg_max_per_row":"","footnotes":""},"categories":[11],"tags":[],"class_list":["post-142813","post","type-post","status-publish","format-standard","has-post-thumbnail","hentry","category-politica"],"_links":{"self":[{"href":"https:\/\/www.caririemacao.com\/1\/wp-json\/wp\/v2\/posts\/142813","targetHints":{"allow":["GET"]}}],"collection":[{"href":"https:\/\/www.caririemacao.com\/1\/wp-json\/wp\/v2\/posts"}],"about":[{"href":"https:\/\/www.caririemacao.com\/1\/wp-json\/wp\/v2\/types\/post"}],"author":[{"embeddable":true,"href":"https:\/\/www.caririemacao.com\/1\/wp-json\/wp\/v2\/users\/1"}],"replies":[{"embeddable":true,"href":"https:\/\/www.caririemacao.com\/1\/wp-json\/wp\/v2\/comments?post=142813"}],"version-history":[{"count":1,"href":"https:\/\/www.caririemacao.com\/1\/wp-json\/wp\/v2\/posts\/142813\/revisions"}],"predecessor-version":[{"id":142815,"href":"https:\/\/www.caririemacao.com\/1\/wp-json\/wp\/v2\/posts\/142813\/revisions\/142815"}],"wp:featuredmedia":[{"embeddable":true,"href":"https:\/\/www.caririemacao.com\/1\/wp-json\/wp\/v2\/media\/50846"}],"wp:attachment":[{"href":"https:\/\/www.caririemacao.com\/1\/wp-json\/wp\/v2\/media?parent=142813"}],"wp:term":[{"taxonomy":"category","embeddable":true,"href":"https:\/\/www.caririemacao.com\/1\/wp-json\/wp\/v2\/categories?post=142813"},{"taxonomy":"post_tag","embeddable":true,"href":"https:\/\/www.caririemacao.com\/1\/wp-json\/wp\/v2\/tags?post=142813"}],"curies":[{"name":"wp","href":"https:\/\/api.w.org\/{rel}","templated":true}]}}