{"id":142819,"date":"2019-12-25T10:36:03","date_gmt":"2019-12-25T13:36:03","guid":{"rendered":"http:\/\/www.caririemacao.com\/1\/?p=142819"},"modified":"2019-12-25T10:36:03","modified_gmt":"2019-12-25T13:36:03","slug":"prefeita-anna-lorena-emite-mensagem-de-natal-aos-monteirenses","status":"publish","type":"post","link":"https:\/\/www.caririemacao.com\/1\/2019\/12\/25\/prefeita-anna-lorena-emite-mensagem-de-natal-aos-monteirenses\/","title":{"rendered":"Prefeita Anna Lorena emite mensagem de Natal aos monteirenses"},"content":{"rendered":"\n<p>A prefeita Anna Lorena emitiu na manh\u00e3 desta quarta-feira, 25, sua mensagem de natal destinada aos monteirenses.<\/p>\n\n\n\n<p>Em seu pronunciamento, a gestora fez quest\u00e3o de enaltecer a f\u00e9 e esperan\u00e7a que o per\u00edodo traz, deixando seus votos de boas festas, confira a mensagem: Neste natal desejamos aos monteirenses grandes e largos passos dados na f\u00e9 e na esperan\u00e7a para que com o esp\u00edrito brando possamos superar obst\u00e1culos e diferen\u00e7as para que juntos alcan\u00e7emos a harmonia e compreens\u00e3o. <\/p>\n\n\n\n<p>A estrada nem sempre \u00e9 f\u00e1cil, mas, as batalhas s\u00e3o concedidas para que possamos renovar nossa f\u00e9 em n\u00f3s mesmos e fazer a grande diferen\u00e7a que o mundo precisa.<\/p>\n\n\n\n<p>Ainda neste momento de confraterniza\u00e7\u00e3o e amizade, agradecemos a todos e confirmamos nosso privil\u00e9gio em servir a cada um que vive nesta terra.<\/p>\n\n\n\n<p>Trabalhamos arduamente para proporcionar o melhor e fornecer condi\u00e7\u00f5es para que a popula\u00e7\u00e3o possa viver um dia melhor que o outro. Conseguimos trabalhar em conjunto prezando o respeito, carinho e humildade, e \u00e9 com este sentimento que continuaremos.<\/p>\n\n\n\n<p>Desta forma e com estas palavras, desejo a cada um dos monteirenses que o Natal seja repleto de sonhos e conquistas, que o amor e a confian\u00e7a sejam sempre presentes.<\/p>\n","protected":false},"excerpt":{"rendered":"<p>A prefeita Anna Lorena emitiu na manh\u00e3 desta quarta-feira, 25, sua mensagem de natal destinada aos monteirenses. Em seu pronunciamento, a gestora fez quest\u00e3o de&hellip; <\/p>\n","protected":false},"author":1,"featured_media":12074,"comment_status":"closed","ping_status":"closed","sticky":false,"template":"","format":"standard","meta":{"sfsi_plus_gutenberg_text_before_share":"","sfsi_plus_gutenberg_show_text_before_share":"","sfsi_plus_gutenberg_icon_type":"","sfsi_plus_gutenberg_icon_alignemt":"","sfsi_plus_gutenburg_max_per_row":"","footnotes":""},"categories":[6],"tags":[],"class_list":["post-142819","post","type-post","status-publish","format-standard","has-post-thumbnail","hentry","category-cidades"],"_links":{"self":[{"href":"https:\/\/www.caririemacao.com\/1\/wp-json\/wp\/v2\/posts\/142819","targetHints":{"allow":["GET"]}}],"collection":[{"href":"https:\/\/www.caririemacao.com\/1\/wp-json\/wp\/v2\/posts"}],"about":[{"href":"https:\/\/www.caririemacao.com\/1\/wp-json\/wp\/v2\/types\/post"}],"author":[{"embeddable":true,"href":"https:\/\/www.caririemacao.com\/1\/wp-json\/wp\/v2\/users\/1"}],"replies":[{"embeddable":true,"href":"https:\/\/www.caririemacao.com\/1\/wp-json\/wp\/v2\/comments?post=142819"}],"version-history":[{"count":1,"href":"https:\/\/www.caririemacao.com\/1\/wp-json\/wp\/v2\/posts\/142819\/revisions"}],"predecessor-version":[{"id":142820,"href":"https:\/\/www.caririemacao.com\/1\/wp-json\/wp\/v2\/posts\/142819\/revisions\/142820"}],"wp:featuredmedia":[{"embeddable":true,"href":"https:\/\/www.caririemacao.com\/1\/wp-json\/wp\/v2\/media\/12074"}],"wp:attachment":[{"href":"https:\/\/www.caririemacao.com\/1\/wp-json\/wp\/v2\/media?parent=142819"}],"wp:term":[{"taxonomy":"category","embeddable":true,"href":"https:\/\/www.caririemacao.com\/1\/wp-json\/wp\/v2\/categories?post=142819"},{"taxonomy":"post_tag","embeddable":true,"href":"https:\/\/www.caririemacao.com\/1\/wp-json\/wp\/v2\/tags?post=142819"}],"curies":[{"name":"wp","href":"https:\/\/api.w.org\/{rel}","templated":true}]}}