{"id":142829,"date":"2019-12-25T10:43:32","date_gmt":"2019-12-25T13:43:32","guid":{"rendered":"http:\/\/www.caririemacao.com\/1\/?p=142829"},"modified":"2019-12-25T10:43:32","modified_gmt":"2019-12-25T13:43:32","slug":"papa-francisco-natal-e-voce-quando-decide-nascer-de-novo","status":"publish","type":"post","link":"https:\/\/www.caririemacao.com\/1\/2019\/12\/25\/papa-francisco-natal-e-voce-quando-decide-nascer-de-novo\/","title":{"rendered":"Papa Francisco: \u201cNatal \u00e9 voc\u00ea, quando decide nascer de novo\u201d"},"content":{"rendered":"\n<p>Nada melhor do que invocar as sempre s\u00e1bias e belas palavras do papa Francisco para externar o mais profundo e caloroso desejo de Feliz Natal.<\/p>\n\n\n\n<p>A mensagem que segue, foi reproduzida pelo jornalista Arimat\u00e9a Souza em sua coluna Aparte, publicada no paraibaonline.com.br<\/p>\n\n\n\n<p>\u201cO Natal costuma ser uma festa ruidosa, h\u00e1 muito barulho. Nos faria muito bem um pouco mais de sil\u00eancio, para ouvirmos a voz do Amor.<\/p>\n\n\n\n<p>\u201cNatal \u00e9 voc\u00ea, quando decide nascer de novo, a cada dia, deixando que Deus penetre seu interior.<\/p>\n\n\n\n<p>\u201cO pinheiro do Natal \u00e9 voc\u00ea, quando resiste fortemente aos ventos e dificuldades da vida.<\/p>\n\n\n\n<p>Os enfeites de natal s\u00e3o voc\u00ea, quando suas virtudes s\u00e3o cores que enfeitam a vida.<\/p>\n\n\n\n<p>\u201cO sino do Natal \u00e9 voc\u00ea, quando chama, une, re\u00fane, congrega pessoas.<\/p>\n\n\n\n<p>\u201cA luz do Natal \u00e9 voc\u00ea, quando ilumina com sua vida, o caminho dos outros atrav\u00e9s da bondade, paci\u00eancia, alegria, generosidade.<\/p>\n\n\n\n<p>\u201cOs anjos do Natal s\u00e3o voc\u00ea, quando canta ao mundo uma mensagem de paz, de justi\u00e7a e de amor.<\/p>\n\n\n\n<p>\u201cA estrela do Natal \u00e9 voc\u00ea, quando conduz algu\u00e9m ao encontro do Senhor.<\/p>\n\n\n\n<p>\u201cVoc\u00ea tamb\u00e9m \u00e9 os reis magos, quando d\u00e1 o melhor que tem aos necessitados.<\/p>\n\n\n\n<p>\u201cA m\u00fasica do Natal \u00e9 voc\u00ea, quando consegue encontrar harmonia interior.<\/p>\n\n\n\n<p>\u201cO presente do Natal \u00e9 voc\u00ea, quando \u00e9 verdadeiramente amigo e irm\u00e3o de todo ser humano.<\/p>\n\n\n\n<p>\u201cO cart\u00e3o de Natal \u00e9 voc\u00ea, quando a bondade est\u00e1 escrita em suas m\u00e3os.<\/p>\n\n\n\n<p>\u201cA felicidade do Natal \u00e9 voc\u00ea, quando perdoa e restabelece a paz mesmo que ainda esteja sofrendo.<\/p>\n\n\n\n<p>\u201cO pres\u00e9pio do Natal \u00e9 voc\u00ea, quando sacia de p\u00e3o e de esperan\u00e7a o pobre que est\u00e1 ao seu lado\u201d.<\/p>\n\n\n\n<p>Ainda o papa: \u201cVoc\u00ea \u00e9 sim a noite de Natal, quando humilde e consciente recebe, no sil\u00eancio da noite, o Salvador do mundo sem barulho nem celebra\u00e7\u00f5es.<br>Voc\u00ea \u00e9 sorriso de confian\u00e7a e ternura na paz de um Natal perene, que estabelece o reino em voc\u00ea\u201d.<\/p>\n\n\n\n<p>PARA\u00cdBA ONLINE <\/p>\n","protected":false},"excerpt":{"rendered":"<p>Nada melhor do que invocar as sempre s\u00e1bias e belas palavras do papa Francisco para externar o mais profundo e caloroso desejo de Feliz Natal.&hellip; <\/p>\n","protected":false},"author":1,"featured_media":93595,"comment_status":"closed","ping_status":"closed","sticky":false,"template":"","format":"standard","meta":{"sfsi_plus_gutenberg_text_before_share":"","sfsi_plus_gutenberg_show_text_before_share":"","sfsi_plus_gutenberg_icon_type":"","sfsi_plus_gutenberg_icon_alignemt":"","sfsi_plus_gutenburg_max_per_row":"","footnotes":""},"categories":[2],"tags":[],"class_list":["post-142829","post","type-post","status-publish","format-standard","has-post-thumbnail","hentry","category-geral"],"_links":{"self":[{"href":"https:\/\/www.caririemacao.com\/1\/wp-json\/wp\/v2\/posts\/142829","targetHints":{"allow":["GET"]}}],"collection":[{"href":"https:\/\/www.caririemacao.com\/1\/wp-json\/wp\/v2\/posts"}],"about":[{"href":"https:\/\/www.caririemacao.com\/1\/wp-json\/wp\/v2\/types\/post"}],"author":[{"embeddable":true,"href":"https:\/\/www.caririemacao.com\/1\/wp-json\/wp\/v2\/users\/1"}],"replies":[{"embeddable":true,"href":"https:\/\/www.caririemacao.com\/1\/wp-json\/wp\/v2\/comments?post=142829"}],"version-history":[{"count":1,"href":"https:\/\/www.caririemacao.com\/1\/wp-json\/wp\/v2\/posts\/142829\/revisions"}],"predecessor-version":[{"id":142831,"href":"https:\/\/www.caririemacao.com\/1\/wp-json\/wp\/v2\/posts\/142829\/revisions\/142831"}],"wp:featuredmedia":[{"embeddable":true,"href":"https:\/\/www.caririemacao.com\/1\/wp-json\/wp\/v2\/media\/93595"}],"wp:attachment":[{"href":"https:\/\/www.caririemacao.com\/1\/wp-json\/wp\/v2\/media?parent=142829"}],"wp:term":[{"taxonomy":"category","embeddable":true,"href":"https:\/\/www.caririemacao.com\/1\/wp-json\/wp\/v2\/categories?post=142829"},{"taxonomy":"post_tag","embeddable":true,"href":"https:\/\/www.caririemacao.com\/1\/wp-json\/wp\/v2\/tags?post=142829"}],"curies":[{"name":"wp","href":"https:\/\/api.w.org\/{rel}","templated":true}]}}