{"id":142834,"date":"2019-12-25T10:45:48","date_gmt":"2019-12-25T13:45:48","guid":{"rendered":"http:\/\/www.caririemacao.com\/1\/?p=142834"},"modified":"2019-12-25T10:45:48","modified_gmt":"2019-12-25T13:45:48","slug":"ricardo-coutinho-nao-recebo-recursos-ilegais-de-ninguem","status":"publish","type":"post","link":"https:\/\/www.caririemacao.com\/1\/2019\/12\/25\/ricardo-coutinho-nao-recebo-recursos-ilegais-de-ninguem\/","title":{"rendered":"Ricardo Coutinho: \u201cN\u00e3o recebo recursos ilegais de ningu\u00e9m"},"content":{"rendered":"\n<p>Ao se pronunciar dias atr\u00e1s sobre a sua pris\u00e3o, o\u00a0ex-governador Ricardo Coutinho (PSB)\u00a0afirmou que \u201cdigo publicamente que sou inocente. N\u00e3o recebo recursos ilegais de ningu\u00e9m (\u2026) N\u00e3o tenho sociedade em qualquer empresa, nem no Brasil nem no mundo. Tenho apenas uma empresa de consultoria pessoal (Filipeia), que foi aberta este ano e n\u00e3o movimentou nenhuma nota fiscal\u201d.<\/p>\n\n\n\n<p>\u201cEste ano tem sido muito dif\u00edcil, do ponto de vista dos ataques \u00e0 minha reputa\u00e7\u00e3o\u201d, emendou.<\/p>\n\n\n\n<p>RC tamb\u00e9m se referiu \u00e0 acusa\u00e7\u00e3o de que controlaria os demais poderes: \u201cDesnecess\u00e1rio dizer que isso, na verdade, \u00e9 um afronta aos poderes. Eu nomeie todos os chefes de poderes que foram 1\u00ba lugar (nas consultas internas), tanto na universidade (UEPB) quanto no TCE e Minist\u00e9rio P\u00fablico. Todos eles, amigos ou n\u00e3o amigos, eu nomeei exatamente em fun\u00e7\u00e3o da lista de escolha\u201d.<\/p>\n\n\n\n<p>Por fim, Ricardo Coutinho afirmou que \u201cfui o governo mais fiscalizado, indiscutivelmente, da hist\u00f3ria deste Estado\u201d.<\/p>\n\n\n\n<p>*com informa\u00e7\u00f5es da coluna Aparte, assinada pelo jornalista Arimat\u00e9a Souza<\/p>\n","protected":false},"excerpt":{"rendered":"<p>Ao se pronunciar dias atr\u00e1s sobre a sua pris\u00e3o, o\u00a0ex-governador Ricardo Coutinho (PSB)\u00a0afirmou que \u201cdigo publicamente que sou inocente. N\u00e3o recebo recursos ilegais de ningu\u00e9m&hellip; <\/p>\n","protected":false},"author":1,"featured_media":51753,"comment_status":"closed","ping_status":"closed","sticky":false,"template":"","format":"standard","meta":{"sfsi_plus_gutenberg_text_before_share":"","sfsi_plus_gutenberg_show_text_before_share":"","sfsi_plus_gutenberg_icon_type":"","sfsi_plus_gutenberg_icon_alignemt":"","sfsi_plus_gutenburg_max_per_row":"","footnotes":""},"categories":[11],"tags":[],"class_list":["post-142834","post","type-post","status-publish","format-standard","has-post-thumbnail","hentry","category-politica"],"_links":{"self":[{"href":"https:\/\/www.caririemacao.com\/1\/wp-json\/wp\/v2\/posts\/142834","targetHints":{"allow":["GET"]}}],"collection":[{"href":"https:\/\/www.caririemacao.com\/1\/wp-json\/wp\/v2\/posts"}],"about":[{"href":"https:\/\/www.caririemacao.com\/1\/wp-json\/wp\/v2\/types\/post"}],"author":[{"embeddable":true,"href":"https:\/\/www.caririemacao.com\/1\/wp-json\/wp\/v2\/users\/1"}],"replies":[{"embeddable":true,"href":"https:\/\/www.caririemacao.com\/1\/wp-json\/wp\/v2\/comments?post=142834"}],"version-history":[{"count":1,"href":"https:\/\/www.caririemacao.com\/1\/wp-json\/wp\/v2\/posts\/142834\/revisions"}],"predecessor-version":[{"id":142835,"href":"https:\/\/www.caririemacao.com\/1\/wp-json\/wp\/v2\/posts\/142834\/revisions\/142835"}],"wp:featuredmedia":[{"embeddable":true,"href":"https:\/\/www.caririemacao.com\/1\/wp-json\/wp\/v2\/media\/51753"}],"wp:attachment":[{"href":"https:\/\/www.caririemacao.com\/1\/wp-json\/wp\/v2\/media?parent=142834"}],"wp:term":[{"taxonomy":"category","embeddable":true,"href":"https:\/\/www.caririemacao.com\/1\/wp-json\/wp\/v2\/categories?post=142834"},{"taxonomy":"post_tag","embeddable":true,"href":"https:\/\/www.caririemacao.com\/1\/wp-json\/wp\/v2\/tags?post=142834"}],"curies":[{"name":"wp","href":"https:\/\/api.w.org\/{rel}","templated":true}]}}