{"id":142854,"date":"2019-12-25T11:47:13","date_gmt":"2019-12-25T14:47:13","guid":{"rendered":"http:\/\/www.caririemacao.com\/1\/?p=142854"},"modified":"2019-12-25T11:47:13","modified_gmt":"2019-12-25T14:47:13","slug":"flamengo-anuncia-atacante-que-caiu-com-grande-clube-para-serie-b","status":"publish","type":"post","link":"https:\/\/www.caririemacao.com\/1\/2019\/12\/25\/flamengo-anuncia-atacante-que-caiu-com-grande-clube-para-serie-b\/","title":{"rendered":"Flamengo anuncia atacante que caiu com grande clube para S\u00e9rie B"},"content":{"rendered":"\n<p>O Flamengo anunciou nesta ter\u00e7a-feira (24) a contrata\u00e7\u00e3o do atacante Pedro Rocha. \u00c9 o primeiro refor\u00e7o confirmado do clube para 2020. O jogador, que estava no Cruzeiro, chegou como um \u201cpresente de Natal\u201d com direito a suspense no Twitter oficial do clube carioca.<\/p>\n\n\n\n<p>Minutos antes do an\u00fancio oficial, a conta do Twitter brincou com os torcedores falando sobre a \u201cter\u00e7a-feira calma\u201d. A repercuss\u00e3o foi imediata. \u201cDia de novidade no Meng\u00e3o\u201d?, questionou o Fla. Em seguida, o atacante foi anunciado e j\u00e1 falou em v\u00eddeo com os torcedores.<\/p>\n\n\n\n<p>\u201cFala Na\u00e7\u00e3o, estou chegando. Vamos com tudo em 2020, lutar por todos os t\u00edtulos. N\u00e3o vejo a hora de chegar e vestir o manto sagrado e dar alegria a todos voc\u00eas\u201d, comentou o jogador.<\/p>\n\n\n\n<p>O Flamengo acertou um empr\u00e9stimo de um ano com o Spartak (RUS), clube que det\u00e9m os direitos do atleta. Ao fim deste acordo, o Fla ter\u00e1 prioridade para exercer o direito de compra. Caso queira permanecer em definitivo com Rocha, o clube ter\u00e1 de desembolsar 8 milh\u00f5es de euros (cerca de R$ 35 milh\u00f5es).<\/p>\n\n\n\n<p>Vers\u00e1til, Pedro Rocha pode atuar tanto centralizado ou pelas pontas, sendo mais uma op\u00e7\u00e3o para o elenco de Jorge Jesus. O jogador j\u00e1 estar\u00e1 \u00e0 disposi\u00e7\u00e3o para a disputa da Ta\u00e7a Guanabara, onde o clube rubro-negro pretende utilizar uma equipe alternativa, com jovens do sub-20 e reservas.<\/p>\n\n\n\n<p>O jogador, que se destacou com a camisa do Gr\u00eamio, onde foi campe\u00e3o da Libertadores em 2017, estava no Cruzeiro na temporada passada, onde marcou quatro gols em 33 jogos pela equipe, que acabou rebaixada para a S\u00e9rie B.<\/p>\n\n\n\n<p>A chegada de Pedro Rocha ao Flamengo j\u00e1 era esperada antes mesmo de o clube entrar em campo pela final do Mundial de Clubes da Fifa contra o Liverpool (ING) no \u00faltimo final de semana. A informa\u00e7\u00e3o ainda foi confirmada pelo vice de futebol do Flamengo, Marcos Braz, antecipadamente.<\/p>\n\n\n\n<p>Al\u00e9m de Pedro Rocha, o zagueiro Gustavo Henrique, ex-Santos, deve ser anunciado pelo clube em breve.<\/p>\n\n\n\n<p>\u201cS\u00e3o dois jogadores que entendo que poderiam fazer parte do elenco. Est\u00e1 tudo muito bem encaminhado. Acredito que n\u00e3o teremos problemas e eles j\u00e1 fazem parte do elenco do Flamengo para 2020\u201d, disse Braz \u00e0 imprensa no \u00faltimo domingo (22).<\/p>\n","protected":false},"excerpt":{"rendered":"<p>O Flamengo anunciou nesta ter\u00e7a-feira (24) a contrata\u00e7\u00e3o do atacante Pedro Rocha. \u00c9 o primeiro refor\u00e7o confirmado do clube para 2020. O jogador, que estava&hellip; <\/p>\n","protected":false},"author":1,"featured_media":142855,"comment_status":"closed","ping_status":"closed","sticky":false,"template":"","format":"standard","meta":{"sfsi_plus_gutenberg_text_before_share":"","sfsi_plus_gutenberg_show_text_before_share":"","sfsi_plus_gutenberg_icon_type":"","sfsi_plus_gutenberg_icon_alignemt":"","sfsi_plus_gutenburg_max_per_row":"","footnotes":""},"categories":[13],"tags":[],"class_list":["post-142854","post","type-post","status-publish","format-standard","has-post-thumbnail","hentry","category-esportes"],"_links":{"self":[{"href":"https:\/\/www.caririemacao.com\/1\/wp-json\/wp\/v2\/posts\/142854","targetHints":{"allow":["GET"]}}],"collection":[{"href":"https:\/\/www.caririemacao.com\/1\/wp-json\/wp\/v2\/posts"}],"about":[{"href":"https:\/\/www.caririemacao.com\/1\/wp-json\/wp\/v2\/types\/post"}],"author":[{"embeddable":true,"href":"https:\/\/www.caririemacao.com\/1\/wp-json\/wp\/v2\/users\/1"}],"replies":[{"embeddable":true,"href":"https:\/\/www.caririemacao.com\/1\/wp-json\/wp\/v2\/comments?post=142854"}],"version-history":[{"count":1,"href":"https:\/\/www.caririemacao.com\/1\/wp-json\/wp\/v2\/posts\/142854\/revisions"}],"predecessor-version":[{"id":142856,"href":"https:\/\/www.caririemacao.com\/1\/wp-json\/wp\/v2\/posts\/142854\/revisions\/142856"}],"wp:featuredmedia":[{"embeddable":true,"href":"https:\/\/www.caririemacao.com\/1\/wp-json\/wp\/v2\/media\/142855"}],"wp:attachment":[{"href":"https:\/\/www.caririemacao.com\/1\/wp-json\/wp\/v2\/media?parent=142854"}],"wp:term":[{"taxonomy":"category","embeddable":true,"href":"https:\/\/www.caririemacao.com\/1\/wp-json\/wp\/v2\/categories?post=142854"},{"taxonomy":"post_tag","embeddable":true,"href":"https:\/\/www.caririemacao.com\/1\/wp-json\/wp\/v2\/tags?post=142854"}],"curies":[{"name":"wp","href":"https:\/\/api.w.org\/{rel}","templated":true}]}}