{"id":142875,"date":"2019-12-25T15:13:31","date_gmt":"2019-12-25T18:13:31","guid":{"rendered":"http:\/\/www.caririemacao.com\/1\/?p=142875"},"modified":"2019-12-25T15:13:31","modified_gmt":"2019-12-25T18:13:31","slug":"ao-lado-de-primeira-dama-presidente-relembra-atentado-e-comemora-acoes-do-governo","status":"publish","type":"post","link":"https:\/\/www.caririemacao.com\/1\/2019\/12\/25\/ao-lado-de-primeira-dama-presidente-relembra-atentado-e-comemora-acoes-do-governo\/","title":{"rendered":"Ao lado de primeira dama, presidente relembra atentado e comemora a\u00e7\u00f5es do governo"},"content":{"rendered":"\n<figure><iframe width=\"100%\" height=\"480\" data-src=\"https:\/\/www.youtube.com\/embed\/1ch_lmhDLqg\" allowfullscreen=\"\" src=\"data:image\/svg+xml;base64,PHN2ZyB3aWR0aD0iMSIgaGVpZ2h0PSIxIiB4bWxucz0iaHR0cDovL3d3dy53My5vcmcvMjAwMC9zdmciPjwvc3ZnPg==\" class=\"lazyload\" data-load-mode=\"1\"><\/iframe><\/figure>\n\n\n\n<p><\/p>\n\n\n\n<p>Em pronunciamento exibido \u00e0s 20h30 desta ter\u00e7a-feira (24), o presidente Jair Bolsonaro disse que 2019 foi um ano especial, de -algumas conquistas-. Durante a mensagem, o presidente afirmou que tem muito a agradecer, em especial, a grande parte da popula\u00e7\u00e3o que lhe deu a miss\u00e3o de presidir o pa\u00eds.<br><br>Ainda na fala, o presidente relembrou o atentado que sofreu durante a campanha eleitoral, em 2018. -Tenho que agradecer a Deus que me deu uma segunda vida e tive a possibilidade \u00edmpar de escolher 22 ministros pelo crit\u00e9rio t\u00e9cnico e compromissados com o futuro do Brasil-, afirmou.<br><br>Em dois minutos e 45 segundos de pronunciamento, Jair Bolsonaro destacou algumas realiza\u00e7\u00f5es de seu primeiro ano de mandato. O presidente disse que o Brasil atualmente conta com n\u00fameros positivos na economia, com queda nos \u00edndices de criminalidade e com aumento de turistas. Na mensagem, o presidente afirmou que o pagamento do 13\u00b0 sal\u00e1rio para os benefici\u00e1rios do Bolsa Fam\u00edlia, a Lei da Liberdade Econ\u00f4mica e as obras feitas pelo Ex\u00e9rcito demonstram os novos rumos do pa\u00eds.<br><br>-Estamos terminando 2019, sem qualquer den\u00fancia de corrup\u00e7\u00e3o. O mundo voltou a confiar no Brasil. O vi\u00e9s ideol\u00f3gico deixou de existir em nossas rela\u00e7\u00f5es comerciais-, disse o presidente.<br><br>A primeira-dama, Michelle Bolsonaro, finalizou a mensagem desejando feliz Natal e disse que espera um Brasil -mais justo, mais inclusivo e mais solid\u00e1rio para todos-.<\/p>\n","protected":false},"excerpt":{"rendered":"<p>Em pronunciamento exibido \u00e0s 20h30 desta ter\u00e7a-feira (24), o presidente Jair Bolsonaro disse que 2019 foi um ano especial, de -algumas conquistas-. Durante a mensagem,&hellip; <\/p>\n","protected":false},"author":1,"featured_media":142876,"comment_status":"closed","ping_status":"closed","sticky":false,"template":"","format":"standard","meta":{"sfsi_plus_gutenberg_text_before_share":"","sfsi_plus_gutenberg_show_text_before_share":"","sfsi_plus_gutenberg_icon_type":"","sfsi_plus_gutenberg_icon_alignemt":"","sfsi_plus_gutenburg_max_per_row":"","footnotes":""},"categories":[11],"tags":[],"class_list":["post-142875","post","type-post","status-publish","format-standard","has-post-thumbnail","hentry","category-politica"],"_links":{"self":[{"href":"https:\/\/www.caririemacao.com\/1\/wp-json\/wp\/v2\/posts\/142875","targetHints":{"allow":["GET"]}}],"collection":[{"href":"https:\/\/www.caririemacao.com\/1\/wp-json\/wp\/v2\/posts"}],"about":[{"href":"https:\/\/www.caririemacao.com\/1\/wp-json\/wp\/v2\/types\/post"}],"author":[{"embeddable":true,"href":"https:\/\/www.caririemacao.com\/1\/wp-json\/wp\/v2\/users\/1"}],"replies":[{"embeddable":true,"href":"https:\/\/www.caririemacao.com\/1\/wp-json\/wp\/v2\/comments?post=142875"}],"version-history":[{"count":1,"href":"https:\/\/www.caririemacao.com\/1\/wp-json\/wp\/v2\/posts\/142875\/revisions"}],"predecessor-version":[{"id":142877,"href":"https:\/\/www.caririemacao.com\/1\/wp-json\/wp\/v2\/posts\/142875\/revisions\/142877"}],"wp:featuredmedia":[{"embeddable":true,"href":"https:\/\/www.caririemacao.com\/1\/wp-json\/wp\/v2\/media\/142876"}],"wp:attachment":[{"href":"https:\/\/www.caririemacao.com\/1\/wp-json\/wp\/v2\/media?parent=142875"}],"wp:term":[{"taxonomy":"category","embeddable":true,"href":"https:\/\/www.caririemacao.com\/1\/wp-json\/wp\/v2\/categories?post=142875"},{"taxonomy":"post_tag","embeddable":true,"href":"https:\/\/www.caririemacao.com\/1\/wp-json\/wp\/v2\/tags?post=142875"}],"curies":[{"name":"wp","href":"https:\/\/api.w.org\/{rel}","templated":true}]}}