{"id":142883,"date":"2019-12-26T07:15:07","date_gmt":"2019-12-26T10:15:07","guid":{"rendered":"http:\/\/www.caririemacao.com\/1\/?p=142883"},"modified":"2019-12-26T07:15:07","modified_gmt":"2019-12-26T10:15:07","slug":"ministro-da-educacao-compartilha-mensagem-bolsonaro-traiu-moro-e-o-povo","status":"publish","type":"post","link":"https:\/\/www.caririemacao.com\/1\/2019\/12\/26\/ministro-da-educacao-compartilha-mensagem-bolsonaro-traiu-moro-e-o-povo\/","title":{"rendered":"Ministro da Educa\u00e7\u00e3o compartilha mensagem: Bolsonaro traiu Moro e o povo"},"content":{"rendered":"\n<p>O ministro da Educa\u00e7\u00e3o, Abraham Weintraub, compartilhou uma mensagem nas redes sociais que diz que o presidente Jair Bolsonaro (sem partido) traiu o ministro Sergio Moro e o povo brasileiro&nbsp;\u2013e pouco depois a apagou.<\/p>\n\n\n\n<p>Ap\u00f3s Bolsonaro ter sancionado o projeto anticrime, mantendo a cria\u00e7\u00e3o da figura de um juiz de garantias, o assunto ganhou grande debate no Twitter. Moro defendia o veto desse ponto e apoiadores do governo t\u00eam criticado a decis\u00e3o.<\/p>\n\n\n\n<p>Em decorr\u00eancia disso, o termo #BolsonaroTraidor se tornou o mais comentado no Twitter nesta quarta- feira (25).<\/p>\n\n\n\n<p>Weintraub retuitou mensagem do youtuber Nando Moura, antes apoiador e hoje cr\u00edtico do presidente, o que o fez virar alvo de bolsonaristas.&nbsp;\u201cBolsonaro ao sancionar a emenda do FREIXO traiu n\u00e3o s\u00f3 o ministro S\u00e9rgio Moro mas TODO o povo brasileiro. N\u00e3o existe mais nenhuma justi\u00e7a neste pa\u00eds\u201d diz a mensagem.<\/p>\n\n\n\n<p>O trecho da lei que cria o juiz de garantia surgiu em uma emenda do deputado federal Marcelo Freixo (PSOL-RJ). De acordo com a nova lei, o juiz de garantia instruir\u00e1 o processo, mas n\u00e3o far\u00e1 o julgamento. A ideia \u00e9 evitar acusa\u00e7\u00f5es de parcialidade.<\/p>\n\n\n\n<p>A mensagem foi compartilhada \u00e0s 17h58 desta quarta. Menos de 20 minutos depois, o retu\u00edte de Weintraub havia sido apagado pelo ministro, que, 45 minutos depois, afirmou se tratar de um erro seu. \u201cDei RT sem querer\u201d, escreveu.<\/p>\n\n\n\n<p>Pouco antes, seu irm\u00e3o, Arthur Weintraub, atribu\u00edra a gafe \u00e0 in\u00e9pcia do irm\u00e3o na rede social, embora o ministro seja um usu\u00e1rio contumaz.<\/p>\n\n\n\n<p>\u201cMeu irm\u00e3o \u00e9 tioz\u00e3o de internet. Ele \u00e0s vezes fica folhando posts e d\u00e1 like e RT [retu\u00edte]&nbsp;sem querer. Eu pergunto \u2018vc viu q vc curtiu tal coisa?\u2019. Ele&nbsp;\u2018eu apenas li\u2019. Some-se a isso o fato de que ele est\u00e1 num navio, com internet intermitente. Meu irm\u00e3o vai gravar v\u00eddeo explicando o erro\u201d,&nbsp;escreveu Arthur.<\/p>\n\n\n\n<p>Retuitar um conte\u00fado, por\u00e9m, exige mais de um clique.<\/p>\n\n\n\n<p>Weintraub est\u00e1 de f\u00e9rias e a previs\u00e3o de volta ao trabalho \u00e9 no in\u00edcio do ano. Aliados do governo apostam em sua sa\u00edda do MEC, mas Bolsonaro afirma que ele fica.<\/p>\n\n\n\n<p>O ministro faz uso recorrente de sua conta no Twitter para fazer ataques a advers\u00e1rios, em especial ao PT, \u00e0 esquerda e \u00e0 imprensa. Quando questionado sobre o teor das mensagens, Weintraub ressalta que se trata de sua conta pessoal.<\/p>\n","protected":false},"excerpt":{"rendered":"<p>O ministro da Educa\u00e7\u00e3o, Abraham Weintraub, compartilhou uma mensagem nas redes sociais que diz que o presidente Jair Bolsonaro (sem partido) traiu o ministro Sergio&hellip; <\/p>\n","protected":false},"author":1,"featured_media":122355,"comment_status":"closed","ping_status":"closed","sticky":false,"template":"","format":"standard","meta":{"sfsi_plus_gutenberg_text_before_share":"","sfsi_plus_gutenberg_show_text_before_share":"","sfsi_plus_gutenberg_icon_type":"","sfsi_plus_gutenberg_icon_alignemt":"","sfsi_plus_gutenburg_max_per_row":"","footnotes":""},"categories":[50,11],"tags":[],"class_list":["post-142883","post","type-post","status-publish","format-standard","has-post-thumbnail","hentry","category-destaque","category-politica"],"_links":{"self":[{"href":"https:\/\/www.caririemacao.com\/1\/wp-json\/wp\/v2\/posts\/142883","targetHints":{"allow":["GET"]}}],"collection":[{"href":"https:\/\/www.caririemacao.com\/1\/wp-json\/wp\/v2\/posts"}],"about":[{"href":"https:\/\/www.caririemacao.com\/1\/wp-json\/wp\/v2\/types\/post"}],"author":[{"embeddable":true,"href":"https:\/\/www.caririemacao.com\/1\/wp-json\/wp\/v2\/users\/1"}],"replies":[{"embeddable":true,"href":"https:\/\/www.caririemacao.com\/1\/wp-json\/wp\/v2\/comments?post=142883"}],"version-history":[{"count":1,"href":"https:\/\/www.caririemacao.com\/1\/wp-json\/wp\/v2\/posts\/142883\/revisions"}],"predecessor-version":[{"id":142885,"href":"https:\/\/www.caririemacao.com\/1\/wp-json\/wp\/v2\/posts\/142883\/revisions\/142885"}],"wp:featuredmedia":[{"embeddable":true,"href":"https:\/\/www.caririemacao.com\/1\/wp-json\/wp\/v2\/media\/122355"}],"wp:attachment":[{"href":"https:\/\/www.caririemacao.com\/1\/wp-json\/wp\/v2\/media?parent=142883"}],"wp:term":[{"taxonomy":"category","embeddable":true,"href":"https:\/\/www.caririemacao.com\/1\/wp-json\/wp\/v2\/categories?post=142883"},{"taxonomy":"post_tag","embeddable":true,"href":"https:\/\/www.caririemacao.com\/1\/wp-json\/wp\/v2\/tags?post=142883"}],"curies":[{"name":"wp","href":"https:\/\/api.w.org\/{rel}","templated":true}]}}