{"id":142893,"date":"2019-12-26T07:20:33","date_gmt":"2019-12-26T10:20:33","guid":{"rendered":"http:\/\/www.caririemacao.com\/1\/?p=142893"},"modified":"2019-12-26T07:20:33","modified_gmt":"2019-12-26T10:20:33","slug":"presos-beneficiados-pelo-indulto-natalino-devem-retornar-as-penitenciarias-nesta-quinta","status":"publish","type":"post","link":"https:\/\/www.caririemacao.com\/1\/2019\/12\/26\/presos-beneficiados-pelo-indulto-natalino-devem-retornar-as-penitenciarias-nesta-quinta\/","title":{"rendered":"Presos beneficiados pelo indulto natalino devem retornar as Penitenci\u00e1rias nesta quinta"},"content":{"rendered":"\n<p>Os presos beneficiados pelo indulto natalino devem retornar as Penitenci\u00e1rias at\u00e9 \u00e0s 20h desta quinta-feira (26). Na Para\u00edba foran beneficiados,&nbsp;477 reeducandos da Penitenci\u00e1ria Hitler Cantalice e 46 reeducandas da Penitenci\u00e1ria J\u00falia Maranh\u00e3o.&nbsp;<\/p>\n\n\n\n<p>Eles ser\u00e3o beneficiados novamente no Ano Novo. A&nbsp;libera\u00e7\u00e3o acontecer\u00e1 \u00e0s 5 horas do dia 31\/12 (ter\u00e7a-feira) e retorno obrigat\u00f3rio \u00e0s 20h00 do dia 2 de janeiro de 2020 (quinta-feira), impreterivelmente.<\/p>\n\n\n\n<p>Para libera\u00e7\u00e3o a dire\u00e7\u00e3o das duas penitenci\u00e1rias realiza uma advert\u00eancia coletiva, mediante assinatura do (a) reeducando (a), informando acerca da necessidade de cumprimento das condi\u00e7\u00f5es impostas.&nbsp;<\/p>\n\n\n\n<p>A portaria de libera\u00e7\u00e3o do indulto natalino&nbsp;foi assinada pela ju\u00edza Andr\u00e9ia Arcoverde Cavalcanti Vaz, ju\u00edza de Direito Auxiliar da Vara de Execu\u00e7\u00e3o Penal da Capital, que concede sa\u00edda tempor\u00e1ria por ocasi\u00e3o do Natal e do Ano Novo, todos do regime semiaberto.<\/p>\n\n\n\n<p>De acordo com a Portaria as condi\u00e7\u00f5es a serem observadas no per\u00edodo de sa\u00edda s\u00e3o&nbsp; mesmas estabelecidas para o cumprimento do regime semiaberto, a saber:N\u00e3o se ausentar da regi\u00e3o Metropolitana da Capital (Jo\u00e3o Pessoa, Bayeux, Santa Rita e Cabedelo); n\u00e3o andar armado e n\u00e3o portar instrumentos ofensivos; n\u00e3o ingerir qualquer bebida alco\u00f3lica, drogas, e afins; n\u00e3o freq\u00fcentar bares, festas p\u00fablicas, casas de shows e similares; recolher-se em sua resid\u00eancia diariamente das 22h \u00e0s 5h.<\/p>\n\n\n\n<p>Em caso de eventual descumprimento das condi\u00e7\u00f5es impostas o (a) reeducando (a) dever\u00e1 ser conduzido \u00e0 Penitenci\u00e1ria Hitler Cantalice ou \u00e0 Penitenci\u00e1ria Maria J\u00falia Maranh\u00e3o, conforme o caso, e apresentado (a) \u00e0 Vara de Execu\u00e7\u00e3o Penal para audi\u00eancia de justifica\u00e7\u00e3o na primeira oportunidade subsequente \u00e0 pris\u00e3o.<\/p>\n","protected":false},"excerpt":{"rendered":"<p>Os presos beneficiados pelo indulto natalino devem retornar as Penitenci\u00e1rias at\u00e9 \u00e0s 20h desta quinta-feira (26). Na Para\u00edba foran beneficiados,&nbsp;477 reeducandos da Penitenci\u00e1ria Hitler Cantalice&hellip; <\/p>\n","protected":false},"author":1,"featured_media":142895,"comment_status":"closed","ping_status":"closed","sticky":false,"template":"","format":"standard","meta":{"sfsi_plus_gutenberg_text_before_share":"","sfsi_plus_gutenberg_show_text_before_share":"","sfsi_plus_gutenberg_icon_type":"","sfsi_plus_gutenberg_icon_alignemt":"","sfsi_plus_gutenburg_max_per_row":"","footnotes":""},"categories":[2],"tags":[],"class_list":["post-142893","post","type-post","status-publish","format-standard","has-post-thumbnail","hentry","category-geral"],"_links":{"self":[{"href":"https:\/\/www.caririemacao.com\/1\/wp-json\/wp\/v2\/posts\/142893","targetHints":{"allow":["GET"]}}],"collection":[{"href":"https:\/\/www.caririemacao.com\/1\/wp-json\/wp\/v2\/posts"}],"about":[{"href":"https:\/\/www.caririemacao.com\/1\/wp-json\/wp\/v2\/types\/post"}],"author":[{"embeddable":true,"href":"https:\/\/www.caririemacao.com\/1\/wp-json\/wp\/v2\/users\/1"}],"replies":[{"embeddable":true,"href":"https:\/\/www.caririemacao.com\/1\/wp-json\/wp\/v2\/comments?post=142893"}],"version-history":[{"count":1,"href":"https:\/\/www.caririemacao.com\/1\/wp-json\/wp\/v2\/posts\/142893\/revisions"}],"predecessor-version":[{"id":142896,"href":"https:\/\/www.caririemacao.com\/1\/wp-json\/wp\/v2\/posts\/142893\/revisions\/142896"}],"wp:featuredmedia":[{"embeddable":true,"href":"https:\/\/www.caririemacao.com\/1\/wp-json\/wp\/v2\/media\/142895"}],"wp:attachment":[{"href":"https:\/\/www.caririemacao.com\/1\/wp-json\/wp\/v2\/media?parent=142893"}],"wp:term":[{"taxonomy":"category","embeddable":true,"href":"https:\/\/www.caririemacao.com\/1\/wp-json\/wp\/v2\/categories?post=142893"},{"taxonomy":"post_tag","embeddable":true,"href":"https:\/\/www.caririemacao.com\/1\/wp-json\/wp\/v2\/tags?post=142893"}],"curies":[{"name":"wp","href":"https:\/\/api.w.org\/{rel}","templated":true}]}}