{"id":142915,"date":"2019-12-26T07:30:37","date_gmt":"2019-12-26T10:30:37","guid":{"rendered":"http:\/\/www.caririemacao.com\/1\/?p=142915"},"modified":"2019-12-26T07:30:37","modified_gmt":"2019-12-26T10:30:37","slug":"mpf-investiga-suposta-irregularidade-no-uso-do-fundeb-em-cidade-do-sertao","status":"publish","type":"post","link":"https:\/\/www.caririemacao.com\/1\/2019\/12\/26\/mpf-investiga-suposta-irregularidade-no-uso-do-fundeb-em-cidade-do-sertao\/","title":{"rendered":"MPF investiga suposta irregularidade no uso do Fundeb em cidade do Sert\u00e3o"},"content":{"rendered":"\n<p>Um inqu\u00e9rito foi instaurado pelo Minist\u00e9rio P\u00fablico Federal na Para\u00edba (MPF-PB) para investigar supostas irregularidades no uso do do Fundo de Desenvolvimento e Valoriza\u00e7\u00e3o do Magist\u00e9rio \u2013 Fundeb, no munic\u00edpio de Riacho dos Cavalos, no Sert\u00e3o do estado.<\/p>\n\n\n\n<p>A informa\u00e7\u00e3o consta no di\u00e1rio eletr\u00f4nico do \u00f3rg\u00e3o. Conforme a portaria, as eventuais irregularidades teriam sido cometidas no exerc\u00edcio de 2018.<\/p>\n\n\n\n<p>O procedimento foi aberto pelo procurador da Rep\u00fablica, Anderson Danillo Pereira Lima.<\/p>\n\n\n\n<p><strong>MaisPB<\/strong><\/p>\n","protected":false},"excerpt":{"rendered":"<p>Um inqu\u00e9rito foi instaurado pelo Minist\u00e9rio P\u00fablico Federal na Para\u00edba (MPF-PB) para investigar supostas irregularidades no uso do do Fundo de Desenvolvimento e Valoriza\u00e7\u00e3o do&hellip; <\/p>\n","protected":false},"author":1,"featured_media":138104,"comment_status":"closed","ping_status":"closed","sticky":false,"template":"","format":"standard","meta":{"sfsi_plus_gutenberg_text_before_share":"","sfsi_plus_gutenberg_show_text_before_share":"","sfsi_plus_gutenberg_icon_type":"","sfsi_plus_gutenberg_icon_alignemt":"","sfsi_plus_gutenburg_max_per_row":"","footnotes":""},"categories":[6],"tags":[],"class_list":["post-142915","post","type-post","status-publish","format-standard","has-post-thumbnail","hentry","category-cidades"],"_links":{"self":[{"href":"https:\/\/www.caririemacao.com\/1\/wp-json\/wp\/v2\/posts\/142915","targetHints":{"allow":["GET"]}}],"collection":[{"href":"https:\/\/www.caririemacao.com\/1\/wp-json\/wp\/v2\/posts"}],"about":[{"href":"https:\/\/www.caririemacao.com\/1\/wp-json\/wp\/v2\/types\/post"}],"author":[{"embeddable":true,"href":"https:\/\/www.caririemacao.com\/1\/wp-json\/wp\/v2\/users\/1"}],"replies":[{"embeddable":true,"href":"https:\/\/www.caririemacao.com\/1\/wp-json\/wp\/v2\/comments?post=142915"}],"version-history":[{"count":1,"href":"https:\/\/www.caririemacao.com\/1\/wp-json\/wp\/v2\/posts\/142915\/revisions"}],"predecessor-version":[{"id":142916,"href":"https:\/\/www.caririemacao.com\/1\/wp-json\/wp\/v2\/posts\/142915\/revisions\/142916"}],"wp:featuredmedia":[{"embeddable":true,"href":"https:\/\/www.caririemacao.com\/1\/wp-json\/wp\/v2\/media\/138104"}],"wp:attachment":[{"href":"https:\/\/www.caririemacao.com\/1\/wp-json\/wp\/v2\/media?parent=142915"}],"wp:term":[{"taxonomy":"category","embeddable":true,"href":"https:\/\/www.caririemacao.com\/1\/wp-json\/wp\/v2\/categories?post=142915"},{"taxonomy":"post_tag","embeddable":true,"href":"https:\/\/www.caririemacao.com\/1\/wp-json\/wp\/v2\/tags?post=142915"}],"curies":[{"name":"wp","href":"https:\/\/api.w.org\/{rel}","templated":true}]}}