{"id":142925,"date":"2019-12-26T07:34:48","date_gmt":"2019-12-26T10:34:48","guid":{"rendered":"http:\/\/www.caririemacao.com\/1\/?p=142925"},"modified":"2019-12-26T07:35:05","modified_gmt":"2019-12-26T10:35:05","slug":"142925","status":"publish","type":"post","link":"https:\/\/www.caririemacao.com\/1\/2019\/12\/26\/142925\/","title":{"rendered":"Moro aponta \u201cproblemas\u201d em juiz de garantias"},"content":{"rendered":"\n<p>O ministro da Justi\u00e7a e Seguran\u00e7a P\u00fablica,\u00a0S\u00e9rgio Moro, apontou \u201cproblemas\u201d na cria\u00e7\u00e3o do juiz de garantias, proposta sancionada pelo presidente Jair Bolsonaro (sem partido) no\u00a0<a href=\"https:\/\/www.maispb.com.br\/435685\/jair-bolsonaro-sanciona-projeto-anticrime.html\"><strong>projeto anticrime<\/strong><\/a>. <\/p>\n\n\n\n<p>De acordo com a medida, um juiz dever\u00e1 conduzir a investiga\u00e7\u00e3o criminal, em rela\u00e7\u00e3o \u00e0s medidas necess\u00e1rias para o andamento do caso, mas o recebimento da den\u00fancia e a senten\u00e7a ficar\u00e3o a cargo de outro magistrado.<\/p>\n\n\n\n<p>O trecho \u00e9 tratado como uma proposta \u201canti-Moro\u201d, levando em conta a atua\u00e7\u00e3o do ministro quando era juiz da Opera\u00e7\u00e3o Lava Jato, em Curitiba. A pasta havia sugerido a Bolsonaro vetar esse item do projeto, no entanto, o presidente manteve o texto do Congresso nessa parte.<\/p>\n\n\n\n<p>\u201cO MJSP se posicionou pelo veto ao juiz de garantias, principalmente, porque n\u00e3o foi esclarecido como o instituto vai funcionar nas comarcas com apenas um juiz (40% do total); e tamb\u00e9m se valeria para processos pendentes e para os tribunais superiores, al\u00e9m de outros problemas\u201d, diz nota de Moro. Apesar disso, \u201co texto final sancionado por Bolsonaro tem avan\u00e7os para a legisla\u00e7\u00e3o anticrime no Pa\u00eds\u201d, afirmou o ministro.<\/p>\n\n\n\n<p><strong>MaisPB<\/strong><\/p>\n","protected":false},"excerpt":{"rendered":"<p>O ministro da Justi\u00e7a e Seguran\u00e7a P\u00fablica,\u00a0S\u00e9rgio Moro, apontou \u201cproblemas\u201d na cria\u00e7\u00e3o do juiz de garantias, proposta sancionada pelo presidente Jair Bolsonaro (sem partido) no\u00a0projeto&hellip; <\/p>\n","protected":false},"author":1,"featured_media":101805,"comment_status":"closed","ping_status":"closed","sticky":false,"template":"","format":"standard","meta":{"sfsi_plus_gutenberg_text_before_share":"","sfsi_plus_gutenberg_show_text_before_share":"","sfsi_plus_gutenberg_icon_type":"","sfsi_plus_gutenberg_icon_alignemt":"","sfsi_plus_gutenburg_max_per_row":"","footnotes":""},"categories":[11],"tags":[],"class_list":["post-142925","post","type-post","status-publish","format-standard","has-post-thumbnail","hentry","category-politica"],"_links":{"self":[{"href":"https:\/\/www.caririemacao.com\/1\/wp-json\/wp\/v2\/posts\/142925","targetHints":{"allow":["GET"]}}],"collection":[{"href":"https:\/\/www.caririemacao.com\/1\/wp-json\/wp\/v2\/posts"}],"about":[{"href":"https:\/\/www.caririemacao.com\/1\/wp-json\/wp\/v2\/types\/post"}],"author":[{"embeddable":true,"href":"https:\/\/www.caririemacao.com\/1\/wp-json\/wp\/v2\/users\/1"}],"replies":[{"embeddable":true,"href":"https:\/\/www.caririemacao.com\/1\/wp-json\/wp\/v2\/comments?post=142925"}],"version-history":[{"count":2,"href":"https:\/\/www.caririemacao.com\/1\/wp-json\/wp\/v2\/posts\/142925\/revisions"}],"predecessor-version":[{"id":142927,"href":"https:\/\/www.caririemacao.com\/1\/wp-json\/wp\/v2\/posts\/142925\/revisions\/142927"}],"wp:featuredmedia":[{"embeddable":true,"href":"https:\/\/www.caririemacao.com\/1\/wp-json\/wp\/v2\/media\/101805"}],"wp:attachment":[{"href":"https:\/\/www.caririemacao.com\/1\/wp-json\/wp\/v2\/media?parent=142925"}],"wp:term":[{"taxonomy":"category","embeddable":true,"href":"https:\/\/www.caririemacao.com\/1\/wp-json\/wp\/v2\/categories?post=142925"},{"taxonomy":"post_tag","embeddable":true,"href":"https:\/\/www.caririemacao.com\/1\/wp-json\/wp\/v2\/tags?post=142925"}],"curies":[{"name":"wp","href":"https:\/\/api.w.org\/{rel}","templated":true}]}}