{"id":142934,"date":"2019-12-26T07:42:12","date_gmt":"2019-12-26T10:42:12","guid":{"rendered":"http:\/\/www.caririemacao.com\/1\/?p=142934"},"modified":"2019-12-26T07:42:12","modified_gmt":"2019-12-26T10:42:12","slug":"estado-abre-selecao-para-diretor-de-escolas","status":"publish","type":"post","link":"https:\/\/www.caririemacao.com\/1\/2019\/12\/26\/estado-abre-selecao-para-diretor-de-escolas\/","title":{"rendered":"Estado abre sele\u00e7\u00e3o para diretor de escolas"},"content":{"rendered":"\n<p>O governo do Estado, atrav\u00e9s da Secretaria de Educa\u00e7\u00e3o, abriu sele\u00e7\u00e3o para o processo seletivo simplificado interno com o objetivo de selecionar profissionais para compor banco de reserva t\u00e9cnico, que poder\u00e3o atuar no cargo, em comiss\u00e3o, de Diretor nas Escolas Cidad\u00e3s Integrais e Escolas Cidad\u00e3s Integrais T\u00e9cnicas da rede de educa\u00e7\u00e3o do estado da Para\u00edba.<\/p>\n\n\n\n<p>Alguns pr\u00e9-requisitos para participar do processo, conforme o edital, s\u00e3o: possuir escolaridade de n\u00edvel superior com gradua\u00e7\u00e3o em quaisquer das Licenciaturas que componham a Educa\u00e7\u00e3o B\u00e1sica, ter Regime dededica\u00e7\u00e3o exclusiva 40 (quarenta) horas e n\u00e3o poder\u00e3o ter qualquer outra atividade acad\u00eamica e\/ou profissional nos turnos da manh\u00e3 e da tarde, durante os dias letivos.<\/p>\n\n\n\n<p>A partir da&nbsp;<a href=\"https:\/\/auniao.pb.gov.br\/servicos\/arquivo-digital\/doe\/2019\/dezembro\/diario-oficial-24-12-2019.pdf\"><strong>p\u00e1gina 40<\/strong><\/a>, na edi\u00e7\u00e3o do Di\u00e1rio Oficial do Estado, dessa ter\u00e7a-feira (24), \u00e9 poss\u00edvel conferir todo edital. As inscri\u00e7\u00f5es deste processo de sele\u00e7\u00e3o foram iniciadas \u00e0s 00h00min do dia 23 de dezembro de 2019, e se encerrar\u00e1 \u00e0s 23h59min do dia 02 de janeiro de 2020 , conforme hor\u00e1rio do Estado da Para\u00edba, exclusivamente via internet, atrav\u00e9s do site http:\/\/bit.ly\/eciprocessoseletivointerno2019 e dar-se-\u00e1 por meio de preenchimento de formul\u00e1rio eletr\u00f4nico, com envio, obrigat\u00f3rio, de todos os documentos solicitados.<\/p>\n\n\n\n<p><strong>MaisPB<\/strong><\/p>\n","protected":false},"excerpt":{"rendered":"<p>O governo do Estado, atrav\u00e9s da Secretaria de Educa\u00e7\u00e3o, abriu sele\u00e7\u00e3o para o processo seletivo simplificado interno com o objetivo de selecionar profissionais para compor&hellip; <\/p>\n","protected":false},"author":1,"featured_media":89711,"comment_status":"closed","ping_status":"closed","sticky":false,"template":"","format":"standard","meta":{"sfsi_plus_gutenberg_text_before_share":"","sfsi_plus_gutenberg_show_text_before_share":"","sfsi_plus_gutenberg_icon_type":"","sfsi_plus_gutenberg_icon_alignemt":"","sfsi_plus_gutenburg_max_per_row":"","footnotes":""},"categories":[14],"tags":[],"class_list":["post-142934","post","type-post","status-publish","format-standard","has-post-thumbnail","hentry","category-educacao"],"_links":{"self":[{"href":"https:\/\/www.caririemacao.com\/1\/wp-json\/wp\/v2\/posts\/142934","targetHints":{"allow":["GET"]}}],"collection":[{"href":"https:\/\/www.caririemacao.com\/1\/wp-json\/wp\/v2\/posts"}],"about":[{"href":"https:\/\/www.caririemacao.com\/1\/wp-json\/wp\/v2\/types\/post"}],"author":[{"embeddable":true,"href":"https:\/\/www.caririemacao.com\/1\/wp-json\/wp\/v2\/users\/1"}],"replies":[{"embeddable":true,"href":"https:\/\/www.caririemacao.com\/1\/wp-json\/wp\/v2\/comments?post=142934"}],"version-history":[{"count":1,"href":"https:\/\/www.caririemacao.com\/1\/wp-json\/wp\/v2\/posts\/142934\/revisions"}],"predecessor-version":[{"id":142935,"href":"https:\/\/www.caririemacao.com\/1\/wp-json\/wp\/v2\/posts\/142934\/revisions\/142935"}],"wp:featuredmedia":[{"embeddable":true,"href":"https:\/\/www.caririemacao.com\/1\/wp-json\/wp\/v2\/media\/89711"}],"wp:attachment":[{"href":"https:\/\/www.caririemacao.com\/1\/wp-json\/wp\/v2\/media?parent=142934"}],"wp:term":[{"taxonomy":"category","embeddable":true,"href":"https:\/\/www.caririemacao.com\/1\/wp-json\/wp\/v2\/categories?post=142934"},{"taxonomy":"post_tag","embeddable":true,"href":"https:\/\/www.caririemacao.com\/1\/wp-json\/wp\/v2\/tags?post=142934"}],"curies":[{"name":"wp","href":"https:\/\/api.w.org\/{rel}","templated":true}]}}