{"id":142942,"date":"2019-12-26T07:55:46","date_gmt":"2019-12-26T10:55:46","guid":{"rendered":"http:\/\/www.caririemacao.com\/1\/?p=142942"},"modified":"2019-12-26T07:55:46","modified_gmt":"2019-12-26T10:55:46","slug":"prazo-de-livre-troca-para-saque-aniversario-do-fgts-acaba-dia-31","status":"publish","type":"post","link":"https:\/\/www.caririemacao.com\/1\/2019\/12\/26\/prazo-de-livre-troca-para-saque-aniversario-do-fgts-acaba-dia-31\/","title":{"rendered":"Prazo de livre troca para saque-anivers\u00e1rio do FGTS acaba dia 31"},"content":{"rendered":"\n<p>A livre possibilidade de o trabalhador trocar de modalidades de saques do Fundo de Garantia do Tempo de Servi\u00e7o (FGTS) acabar\u00e1 no fim do ano. At\u00e9&nbsp;31 de dezembro, ser\u00e1 poss\u00edvel trocar livremente entre o saque-anivers\u00e1rio, retirada anual de parte do saldo no anivers\u00e1rio do trabalhador, e o saque-rescis\u00e3o, pago somente em demiss\u00e3o sem justa causa.<\/p>\n\n\n\n<p>A partir de 1\u00ba de janeiro, o trabalhador continua podendo&nbsp;aderir ao saque-anivers\u00e1rio. No entanto, quem tiver feito a escolha&nbsp;ter\u00e1 de esperar pelo menos dois anos para voltar ao saque-rescis\u00e3o.<\/p>\n\n\n\n<p>A ades\u00e3o ao saque-anivers\u00e1rio est\u00e1 liberada desde 1\u00ba de outubro. Para escolher a modalidade, o benefici\u00e1rio deve entrar na se\u00e7\u00e3o \u201csaque-anivers\u00e1rio\u201d, na<a href=\"http:\/\/www.caixa.gov.br\/beneficios-trabalhador\/fgts\/Paginas\/default.aspx\" target=\"_blank\" rel=\"noreferrer noopener\">&nbsp;p\u00e1gina do FGTS<\/a>&nbsp;na internet, ou usar o aplicativo FGTS, dispon\u00edvel para&nbsp;<em>smartphones<\/em>&nbsp;e&nbsp;<em>tablets<\/em>&nbsp;dos sistemas Android e iOS e para computadores com o sistema&nbsp;<em>Windows<\/em>.<\/p>\n\n\n\n<h2 class=\"wp-block-heading\">Calend\u00e1rio<\/h2>\n\n\n\n<p>Ao optar pelo saque-anivers\u00e1rio, o trabalhador dever\u00e1 escolher a data em que deseja que o valor esteja dispon\u00edvel: 1\u00ba ou 10\u00ba dia do m\u00eas de anivers\u00e1rio. Quem escolher o 10\u00ba dia retirar\u00e1 o dinheiro com juros e atualiza\u00e7\u00e3o monet\u00e1ria sobre o m\u00eas do saque. Em 2020, o saque-anivers\u00e1rio ser\u00e1 de abril a junho para os trabalhadores nascidos em janeiro e fevereiro, de maio a junho para os nascidos em mar\u00e7o e abril e&nbsp;de junho&nbsp;a agosto para os nascidos em maio e junho.<\/p>\n\n\n\n<figure class=\"wp-block-image\"><img decoding=\"async\" data-src=\"http:\/\/imagens.ebc.com.br\/jyFGlI0t3lHYxdT_kFuHwa24hy0=\/365x0\/smart\/http:\/\/agenciabrasil.ebc.com.br\/sites\/default\/files\/thumbnails\/image\/aplicativo_fgtsabr_170820195558.jpg?itok=Sf_Glus-\" alt=\"Aplicativo FGTS\" src=\"data:image\/svg+xml;base64,PHN2ZyB3aWR0aD0iMSIgaGVpZ2h0PSIxIiB4bWxucz0iaHR0cDovL3d3dy53My5vcmcvMjAwMC9zdmciPjwvc3ZnPg==\" class=\"lazyload\" \/><\/figure>\n\n\n\n<p>Op\u00e7\u00e3o de modalidade de saque do FGTS pode ser feita pelo aplicativo FGTS&nbsp;<strong>(Marcelo Camargo\/Ag\u00eancia Brasil)<\/strong><\/p>\n\n\n\n<p>A partir&nbsp;de agosto, a retirada ocorrer\u00e1 no m\u00eas de anivers\u00e1rio at\u00e9 dois meses depois. De 2021 em diante, as retiradas sempre ocorrer\u00e3o no m\u00eas de nascimento do trabalhador, at\u00e9 dois meses depois. Caso o benefici\u00e1rio n\u00e3o fa\u00e7a o saque no per\u00edodo permitido, o dinheiro volta para a conta do FGTS.<\/p>\n\n\n\n<h2 class=\"wp-block-heading\">Valores<\/h2>\n\n\n\n<p>O trabalhador que aderir ao saque-anivers\u00e1rio poder\u00e1 sacar um percentual do saldo de todas as contas do FGTS, ativas e inativas, em seu nome. Al\u00e9m do percentual, ele receber\u00e1 um adicional fixo, conforme o saldo da conta. O valor a ser sacado varia de 50% do saldo sem parcela adicional para contas de at\u00e9 R$ 500 a 5% do saldo e adicional de R$ 2,9 mil para contas com mais de R$ 20 mil.<\/p>\n\n\n\n<p>Em troca de retirar uma parcela do FGTS a cada ano, o trabalhador deixar\u00e1 de receber o valor depositado pela empresa caso seja demitido sem justa causa. O pagamento da multa de 40% nessas situa\u00e7\u00f5es est\u00e1 mantido. As demais possibilidades de saque do FGTS \u2013 como compra de im\u00f3veis, aposentadoria e doen\u00e7as graves \u2013 n\u00e3o s\u00e3o afetadas pelo saque-anivers\u00e1rio.<\/p>\n\n\n\n<h2 class=\"wp-block-heading\">Saque imediato<\/h2>\n\n\n\n<p>O saque-anivers\u00e1rio n\u00e3o est\u00e1 relacionado ao saque imediato, que prev\u00ea a retirada de at\u00e9 R$ 998 do FGTS de todas as contas ativas e inativas. Quem n\u00e3o retirou o dinheiro nessa modalidade ao longo dos \u00faltimos meses ainda poder\u00e1 fazer o saque at\u00e9&nbsp;31 de mar\u00e7o. Depois disso, o dinheiro retornar\u00e1 para a conta do FGTS.<\/p>\n","protected":false},"excerpt":{"rendered":"<p>A livre possibilidade de o trabalhador trocar de modalidades de saques do Fundo de Garantia do Tempo de Servi\u00e7o (FGTS) acabar\u00e1 no fim do ano.&hellip; <\/p>\n","protected":false},"author":1,"featured_media":14475,"comment_status":"closed","ping_status":"closed","sticky":false,"template":"","format":"standard","meta":{"sfsi_plus_gutenberg_text_before_share":"","sfsi_plus_gutenberg_show_text_before_share":"","sfsi_plus_gutenberg_icon_type":"","sfsi_plus_gutenberg_icon_alignemt":"","sfsi_plus_gutenburg_max_per_row":"","footnotes":""},"categories":[2],"tags":[],"class_list":["post-142942","post","type-post","status-publish","format-standard","has-post-thumbnail","hentry","category-geral"],"_links":{"self":[{"href":"https:\/\/www.caririemacao.com\/1\/wp-json\/wp\/v2\/posts\/142942","targetHints":{"allow":["GET"]}}],"collection":[{"href":"https:\/\/www.caririemacao.com\/1\/wp-json\/wp\/v2\/posts"}],"about":[{"href":"https:\/\/www.caririemacao.com\/1\/wp-json\/wp\/v2\/types\/post"}],"author":[{"embeddable":true,"href":"https:\/\/www.caririemacao.com\/1\/wp-json\/wp\/v2\/users\/1"}],"replies":[{"embeddable":true,"href":"https:\/\/www.caririemacao.com\/1\/wp-json\/wp\/v2\/comments?post=142942"}],"version-history":[{"count":1,"href":"https:\/\/www.caririemacao.com\/1\/wp-json\/wp\/v2\/posts\/142942\/revisions"}],"predecessor-version":[{"id":142943,"href":"https:\/\/www.caririemacao.com\/1\/wp-json\/wp\/v2\/posts\/142942\/revisions\/142943"}],"wp:featuredmedia":[{"embeddable":true,"href":"https:\/\/www.caririemacao.com\/1\/wp-json\/wp\/v2\/media\/14475"}],"wp:attachment":[{"href":"https:\/\/www.caririemacao.com\/1\/wp-json\/wp\/v2\/media?parent=142942"}],"wp:term":[{"taxonomy":"category","embeddable":true,"href":"https:\/\/www.caririemacao.com\/1\/wp-json\/wp\/v2\/categories?post=142942"},{"taxonomy":"post_tag","embeddable":true,"href":"https:\/\/www.caririemacao.com\/1\/wp-json\/wp\/v2\/tags?post=142942"}],"curies":[{"name":"wp","href":"https:\/\/api.w.org\/{rel}","templated":true}]}}