{"id":142953,"date":"2019-12-26T08:06:36","date_gmt":"2019-12-26T11:06:36","guid":{"rendered":"http:\/\/www.caririemacao.com\/1\/?p=142953"},"modified":"2019-12-26T08:06:36","modified_gmt":"2019-12-26T11:06:36","slug":"prefeitura-de-monteiro-inicia-pagamento-do-salario-de-dezembro-nesta-quinta-feira","status":"publish","type":"post","link":"https:\/\/www.caririemacao.com\/1\/2019\/12\/26\/prefeitura-de-monteiro-inicia-pagamento-do-salario-de-dezembro-nesta-quinta-feira\/","title":{"rendered":"Prefeitura de Monteiro inicia pagamento do sal\u00e1rio de dezembro nesta quinta-feira"},"content":{"rendered":"\n<p>A Prefeitura de Monteiro, atrav\u00e9s da Secretaria de Finan\u00e7as, anunciou que a libera\u00e7\u00e3o do sal\u00e1rio referente ao m\u00eas de dezembro acontecer\u00e1 antecipadamente, iniciando nesta quinta-feira, 26.Para evitar problemas com saques de dinheiro nas ag\u00eancias banc\u00e1rias, a folha de pessoal ser\u00e1 paga em dois dias, iniciando com os pensionistas,&nbsp; inativos e servidores lotados na Secretaria de Educa\u00e7\u00e3o. Na sexta-feira, 27, recebem os demais servidores municipais.Nos \u00faltimos 30 dias j\u00e1 foram injetados na economia local, apenas com recursos municipais mais de R$ 3 milh\u00f5es utilizados para pagamento da folha de novembro, a segunda parcela do d\u00e9cimo terceiro sal\u00e1rio e o abono natalino. Com o pagamento do m\u00eas dezembro esse n\u00famero fecha com investimentos de mais de R$ 5 milh\u00f5es, apenas em 30 dias.\u201cGra\u00e7as ao equil\u00edbrio financeiro e o controle de gastos estamos encerrando o ano com todos os nossos compromissos financeiros rigorosamente em dia, tanto com os servidores municipais como com os fornecedores, al\u00e9m do pagamento do abono natalino. Mais um ano de dever cumprido com nossos funcion\u00e1rios e com Monteiro\u201d, disse a prefeita Anna Lorena.<\/p>\n","protected":false},"excerpt":{"rendered":"<p>A Prefeitura de Monteiro, atrav\u00e9s da Secretaria de Finan\u00e7as, anunciou que a libera\u00e7\u00e3o do sal\u00e1rio referente ao m\u00eas de dezembro acontecer\u00e1 antecipadamente, iniciando nesta quinta-feira,&hellip; <\/p>\n","protected":false},"author":1,"featured_media":142954,"comment_status":"closed","ping_status":"closed","sticky":false,"template":"","format":"standard","meta":{"sfsi_plus_gutenberg_text_before_share":"","sfsi_plus_gutenberg_show_text_before_share":"","sfsi_plus_gutenberg_icon_type":"","sfsi_plus_gutenberg_icon_alignemt":"","sfsi_plus_gutenburg_max_per_row":"","footnotes":""},"categories":[6],"tags":[],"class_list":["post-142953","post","type-post","status-publish","format-standard","has-post-thumbnail","hentry","category-cidades"],"_links":{"self":[{"href":"https:\/\/www.caririemacao.com\/1\/wp-json\/wp\/v2\/posts\/142953","targetHints":{"allow":["GET"]}}],"collection":[{"href":"https:\/\/www.caririemacao.com\/1\/wp-json\/wp\/v2\/posts"}],"about":[{"href":"https:\/\/www.caririemacao.com\/1\/wp-json\/wp\/v2\/types\/post"}],"author":[{"embeddable":true,"href":"https:\/\/www.caririemacao.com\/1\/wp-json\/wp\/v2\/users\/1"}],"replies":[{"embeddable":true,"href":"https:\/\/www.caririemacao.com\/1\/wp-json\/wp\/v2\/comments?post=142953"}],"version-history":[{"count":1,"href":"https:\/\/www.caririemacao.com\/1\/wp-json\/wp\/v2\/posts\/142953\/revisions"}],"predecessor-version":[{"id":142955,"href":"https:\/\/www.caririemacao.com\/1\/wp-json\/wp\/v2\/posts\/142953\/revisions\/142955"}],"wp:featuredmedia":[{"embeddable":true,"href":"https:\/\/www.caririemacao.com\/1\/wp-json\/wp\/v2\/media\/142954"}],"wp:attachment":[{"href":"https:\/\/www.caririemacao.com\/1\/wp-json\/wp\/v2\/media?parent=142953"}],"wp:term":[{"taxonomy":"category","embeddable":true,"href":"https:\/\/www.caririemacao.com\/1\/wp-json\/wp\/v2\/categories?post=142953"},{"taxonomy":"post_tag","embeddable":true,"href":"https:\/\/www.caririemacao.com\/1\/wp-json\/wp\/v2\/tags?post=142953"}],"curies":[{"name":"wp","href":"https:\/\/api.w.org\/{rel}","templated":true}]}}