{"id":142960,"date":"2019-12-26T08:10:58","date_gmt":"2019-12-26T11:10:58","guid":{"rendered":"http:\/\/www.caririemacao.com\/1\/?p=142960"},"modified":"2019-12-26T08:10:58","modified_gmt":"2019-12-26T11:10:58","slug":"hospitais-terao-que-notificar-casos-de-acidentes-de-transito-por-embriaguez-na-pb","status":"publish","type":"post","link":"https:\/\/www.caririemacao.com\/1\/2019\/12\/26\/hospitais-terao-que-notificar-casos-de-acidentes-de-transito-por-embriaguez-na-pb\/","title":{"rendered":"Hospitais ter\u00e3o que notificar casos de acidentes de tr\u00e2nsito por embriaguez na PB"},"content":{"rendered":"\n<figure class=\"wp-block-image\"><img decoding=\"async\" data-src=\"http:\/\/caririligado.com.br\/wp-content\/themes\/cariri-ligado\/timthumb.php?src=http:\/\/caririligado.com.br\/wp-content\/uploads\/2019\/12\/005-58.jpg&amp;w=547&amp;h=398&amp;zc=1\" alt=\"Prefeitura de Monteiro inicia pagamento do sal\u00e1rio de dezembro nesta quinta-feira\" src=\"data:image\/svg+xml;base64,PHN2ZyB3aWR0aD0iMSIgaGVpZ2h0PSIxIiB4bWxucz0iaHR0cDovL3d3dy53My5vcmcvMjAwMC9zdmciPjwvc3ZnPg==\" class=\"lazyload\" \/><\/figure>\n\n\n\n<p>Os estabelecimentos de sa\u00fade da rede p\u00fablica e privada no Estado da Para\u00edba ter\u00e3o que notificar os casos de atendimento de v\u00edtimas de acidente de tr\u00e2nsito, com ind\u00edcios de embriaguez, no prazo de 72 horas. A determina\u00e7\u00e3o est\u00e1 na lei 11.596, sancionada pelo governador Jo\u00e3o Azev\u00eado (Sem partido) e publicada no Di\u00e1rio Oficial do Estado (DOE) desta ter\u00e7a-feira (24).<\/p>\n\n\n\n<p>A lei, de autoria do deputado Lindolfo Pires (Podemos), obriga a notifica\u00e7\u00e3o e registro compuls\u00f3rio ao \u00f3rg\u00e3o p\u00fablico competente, pelos estabelecimentos de sa\u00fade da rede p\u00fablica e privada do Estado da Para\u00edba, de atendimentos prestados que envolvam v\u00edtimas de acidente de tr\u00e2nsito, apontando a exist\u00eancia de ind\u00edcios de embriaguez, por parte dos condutores dos ve\u00edculos envolvidos. O iniciativa integra o programa de redu\u00e7\u00e3o de \u00edndice de acidentes e mortes no tr\u00e2nsito, o Programa Opera\u00e7\u00e3o Lei Seca.<\/p>\n\n\n\n<p>A notifica\u00e7\u00e3o, que ser\u00e1 sigilosa, dever\u00e1 atestar o n\u00edvel de altera\u00e7\u00e3o da capacidade psicomotora dos condutores. O profissional e o estabelecimento de sa\u00fade respons\u00e1veis pelo atendimento e assist\u00eancia ter\u00e3o o encargo de fazer a notifica\u00e7\u00e3o ao \u00f3rg\u00e3o competente, para a ado\u00e7\u00e3o de provid\u00eancias destinadas ao registro, sob pena de responsabilidade administrativa, civil e criminal.<\/p>\n\n\n\n<p>Outra determina\u00e7\u00e3o da nova lei \u00e9 que o \u00f3rg\u00e3o p\u00fablico respons\u00e1vel pelo recebimento das notifica\u00e7\u00f5es manter\u00e1 estat\u00edsticas atualizadas a respeito dos casos envolvendo os atendimentos.<\/p>\n","protected":false},"excerpt":{"rendered":"<p>Os estabelecimentos de sa\u00fade da rede p\u00fablica e privada no Estado da Para\u00edba ter\u00e3o que notificar os casos de atendimento de v\u00edtimas de acidente de&hellip; <\/p>\n","protected":false},"author":1,"featured_media":142961,"comment_status":"closed","ping_status":"closed","sticky":false,"template":"","format":"standard","meta":{"sfsi_plus_gutenberg_text_before_share":"","sfsi_plus_gutenberg_show_text_before_share":"","sfsi_plus_gutenberg_icon_type":"","sfsi_plus_gutenberg_icon_alignemt":"","sfsi_plus_gutenburg_max_per_row":"","footnotes":""},"categories":[2],"tags":[],"class_list":["post-142960","post","type-post","status-publish","format-standard","has-post-thumbnail","hentry","category-geral"],"_links":{"self":[{"href":"https:\/\/www.caririemacao.com\/1\/wp-json\/wp\/v2\/posts\/142960","targetHints":{"allow":["GET"]}}],"collection":[{"href":"https:\/\/www.caririemacao.com\/1\/wp-json\/wp\/v2\/posts"}],"about":[{"href":"https:\/\/www.caririemacao.com\/1\/wp-json\/wp\/v2\/types\/post"}],"author":[{"embeddable":true,"href":"https:\/\/www.caririemacao.com\/1\/wp-json\/wp\/v2\/users\/1"}],"replies":[{"embeddable":true,"href":"https:\/\/www.caririemacao.com\/1\/wp-json\/wp\/v2\/comments?post=142960"}],"version-history":[{"count":1,"href":"https:\/\/www.caririemacao.com\/1\/wp-json\/wp\/v2\/posts\/142960\/revisions"}],"predecessor-version":[{"id":142962,"href":"https:\/\/www.caririemacao.com\/1\/wp-json\/wp\/v2\/posts\/142960\/revisions\/142962"}],"wp:featuredmedia":[{"embeddable":true,"href":"https:\/\/www.caririemacao.com\/1\/wp-json\/wp\/v2\/media\/142961"}],"wp:attachment":[{"href":"https:\/\/www.caririemacao.com\/1\/wp-json\/wp\/v2\/media?parent=142960"}],"wp:term":[{"taxonomy":"category","embeddable":true,"href":"https:\/\/www.caririemacao.com\/1\/wp-json\/wp\/v2\/categories?post=142960"},{"taxonomy":"post_tag","embeddable":true,"href":"https:\/\/www.caririemacao.com\/1\/wp-json\/wp\/v2\/tags?post=142960"}],"curies":[{"name":"wp","href":"https:\/\/api.w.org\/{rel}","templated":true}]}}