{"id":142973,"date":"2019-12-26T08:17:41","date_gmt":"2019-12-26T11:17:41","guid":{"rendered":"http:\/\/www.caririemacao.com\/1\/?p=142973"},"modified":"2019-12-26T08:17:41","modified_gmt":"2019-12-26T11:17:41","slug":"programa-de-monitoria-do-cdsa-abre-selecao-de-alunos","status":"publish","type":"post","link":"https:\/\/www.caririemacao.com\/1\/2019\/12\/26\/programa-de-monitoria-do-cdsa-abre-selecao-de-alunos\/","title":{"rendered":"Programa de Monitoria do CDSA abre sele\u00e7\u00e3o de alunos"},"content":{"rendered":"\n<p>Estar\u00e1 aberto, at\u00e9 o dia 6 de mar\u00e7o de 2020, o per\u00edodo de inscri\u00e7\u00e3o para Sele\u00e7\u00e3o de Monitores Bolsistas e Volunt\u00e1rios destinada aos discentes dos cursos de Gradua\u00e7\u00e3o do Centro de Desenvolvimento Sustent\u00e1vel do Semi\u00e1rido (CDSA) da Universidade Federal de Campina Grande (UFCG).<\/p>\n\n\n\n<p>O processo seletivo para o Programa Institucional de Monitoria no CDSA ser\u00e1 regido, no que couber, pelo Edital PRE N\u00ba 37\/2019, disponibilizado em&nbsp;<a href=\"http:\/\/pre.ufcg.edu.br\/pre\/editais\" target=\"_blank\" rel=\"noreferrer noopener\">http:\/\/pre.ufcg.edu.br\/pre\/editais<\/a>.<\/p>\n\n\n\n<p>O monitor classificado como bolsista, dependendo da disponibilidade or\u00e7ament\u00e1ria da UFCG, receber\u00e1 uma bolsa semestral (100 dias letivos) de R$ 1.200,00, distribu\u00eddos em parcelas iguais de R$ 300,00 \u2013 trezentos reais, cada parcela corresponder\u00e1 a vinte e cinco dias letivos.<\/p>\n\n\n\n<p>As vagas dispon\u00edveis est\u00e3o condicionadas as demandas das disciplinas contempladas no projeto \u201cInicia\u00e7\u00e3o \u00e0 doc\u00eancia e melhoria do ensino de gradua\u00e7\u00e3o no CDSA \u2013 Ano 2020\u201d, de acordo com o quadro dispon\u00edvel no edital de sele\u00e7\u00e3o.<\/p>\n\n\n\n<p>As inscri\u00e7\u00f5es ser\u00e3o realizadas no link que ser\u00e1 disponibilizado no site da Pr\u00f3-Reitoria de Ensino \u2013 PRE (<a href=\"https:\/\/pre.ufcg.edu.br\/pre\/monitoria\" target=\"_blank\" rel=\"noreferrer noopener\">https:\/\/pre.ufcg.edu.br\/pre\/monitoria<\/a>).<\/p>\n\n\n\n<p><a href=\"http:\/\/www.cdsa.ufcg.edu.br\/cdsa\/editais3\/1541-edital-cdsa-018-2019-programa-de-monitoria-no-cdsa.html\">Acesse aqui o Edital da Monitoria 2010.1<\/a>.<\/p>\n\n\n\n<p>Assimp CDSA\/UFCG<\/p>\n","protected":false},"excerpt":{"rendered":"<p>Estar\u00e1 aberto, at\u00e9 o dia 6 de mar\u00e7o de 2020, o per\u00edodo de inscri\u00e7\u00e3o para Sele\u00e7\u00e3o de Monitores Bolsistas e Volunt\u00e1rios destinada aos discentes dos&hellip; <\/p>\n","protected":false},"author":1,"featured_media":36846,"comment_status":"closed","ping_status":"closed","sticky":false,"template":"","format":"standard","meta":{"sfsi_plus_gutenberg_text_before_share":"","sfsi_plus_gutenberg_show_text_before_share":"","sfsi_plus_gutenberg_icon_type":"","sfsi_plus_gutenberg_icon_alignemt":"","sfsi_plus_gutenburg_max_per_row":"","footnotes":""},"categories":[14],"tags":[],"class_list":["post-142973","post","type-post","status-publish","format-standard","has-post-thumbnail","hentry","category-educacao"],"_links":{"self":[{"href":"https:\/\/www.caririemacao.com\/1\/wp-json\/wp\/v2\/posts\/142973","targetHints":{"allow":["GET"]}}],"collection":[{"href":"https:\/\/www.caririemacao.com\/1\/wp-json\/wp\/v2\/posts"}],"about":[{"href":"https:\/\/www.caririemacao.com\/1\/wp-json\/wp\/v2\/types\/post"}],"author":[{"embeddable":true,"href":"https:\/\/www.caririemacao.com\/1\/wp-json\/wp\/v2\/users\/1"}],"replies":[{"embeddable":true,"href":"https:\/\/www.caririemacao.com\/1\/wp-json\/wp\/v2\/comments?post=142973"}],"version-history":[{"count":1,"href":"https:\/\/www.caririemacao.com\/1\/wp-json\/wp\/v2\/posts\/142973\/revisions"}],"predecessor-version":[{"id":142975,"href":"https:\/\/www.caririemacao.com\/1\/wp-json\/wp\/v2\/posts\/142973\/revisions\/142975"}],"wp:featuredmedia":[{"embeddable":true,"href":"https:\/\/www.caririemacao.com\/1\/wp-json\/wp\/v2\/media\/36846"}],"wp:attachment":[{"href":"https:\/\/www.caririemacao.com\/1\/wp-json\/wp\/v2\/media?parent=142973"}],"wp:term":[{"taxonomy":"category","embeddable":true,"href":"https:\/\/www.caririemacao.com\/1\/wp-json\/wp\/v2\/categories?post=142973"},{"taxonomy":"post_tag","embeddable":true,"href":"https:\/\/www.caririemacao.com\/1\/wp-json\/wp\/v2\/tags?post=142973"}],"curies":[{"name":"wp","href":"https:\/\/api.w.org\/{rel}","templated":true}]}}