{"id":143000,"date":"2019-12-26T09:22:02","date_gmt":"2019-12-26T12:22:02","guid":{"rendered":"http:\/\/www.caririemacao.com\/1\/?p=143000"},"modified":"2019-12-26T09:22:02","modified_gmt":"2019-12-26T12:22:02","slug":"padre-caririzeiro-critica-filme-brasileiro-que-satiriza-vida-de-jesus-e-pede-que-fieis-nao-deem-ibope-a-essas-producoes","status":"publish","type":"post","link":"https:\/\/www.caririemacao.com\/1\/2019\/12\/26\/padre-caririzeiro-critica-filme-brasileiro-que-satiriza-vida-de-jesus-e-pede-que-fieis-nao-deem-ibope-a-essas-producoes\/","title":{"rendered":"Padre caririzeiro critica filme brasileiro que satiriza vida de Jesus e pede que fieis n\u00e3o deem ibope a essas produ\u00e7\u00f5es"},"content":{"rendered":"\n<p>O Padre da Par\u00f3quia de Serra Branca, Francisco Evaristo criticou o especial de natal do grupo de com\u00e9dia \u201cPorta dos Fundos\u201d disponibilizado pela Netflix e que traz como t\u00edtulo \u201cA Primeira Tenta\u00e7\u00e3o de Cristo\u201d.<\/p>\n\n\n\n<p>A s\u00e1tira que j\u00e1 se tornou a produ\u00e7\u00e3o brasileira mais vista na hist\u00f3ria da plataforma traz diversos pontos que causaram revolta entre fieis de todo o Brasil como a sexualidade de Jesus Cristo. O filme reacendeu tamb\u00e9m a velha discuss\u00e3o sobre os limites do humor.<\/p>\n\n\n\n<div class=\"wp-block-image\"><figure class=\"aligncenter\"><img decoding=\"async\" data-src=\"http:\/\/deolhonocariri.com.br\/wp-content\/uploads\/2019\/12\/Porta-dos-Fundos-1024x576-1.jpg\" alt=\"\" class=\"wp-image-75682 lazyload\" src=\"data:image\/svg+xml;base64,PHN2ZyB3aWR0aD0iMSIgaGVpZ2h0PSIxIiB4bWxucz0iaHR0cDovL3d3dy53My5vcmcvMjAwMC9zdmciPjwvc3ZnPg==\" \/><\/figure><\/div>\n\n\n\n<p>O P\u00e1roco de Serra Branca, Francisco Evaristo criticou a produ\u00e7\u00e3o, disse que n\u00e3o via necessidade de cancelamento do Netflix, tendo em vista que a plataforma tem filmes e document\u00e1rios de qualidade, mas pediu aos fieis caririzeiros que n\u00e3o dessem ibope a esse tipo de material.<\/p>\n\n\n\n<p><em>Com Para\u00edba Mix<\/em><\/p>\n","protected":false},"excerpt":{"rendered":"<p>O Padre da Par\u00f3quia de Serra Branca, Francisco Evaristo criticou o especial de natal do grupo de com\u00e9dia \u201cPorta dos Fundos\u201d disponibilizado pela Netflix e&hellip; <\/p>\n","protected":false},"author":1,"featured_media":143001,"comment_status":"closed","ping_status":"closed","sticky":false,"template":"","format":"standard","meta":{"sfsi_plus_gutenberg_text_before_share":"","sfsi_plus_gutenberg_show_text_before_share":"","sfsi_plus_gutenberg_icon_type":"","sfsi_plus_gutenberg_icon_alignemt":"","sfsi_plus_gutenburg_max_per_row":"","footnotes":""},"categories":[2],"tags":[],"class_list":["post-143000","post","type-post","status-publish","format-standard","has-post-thumbnail","hentry","category-geral"],"_links":{"self":[{"href":"https:\/\/www.caririemacao.com\/1\/wp-json\/wp\/v2\/posts\/143000","targetHints":{"allow":["GET"]}}],"collection":[{"href":"https:\/\/www.caririemacao.com\/1\/wp-json\/wp\/v2\/posts"}],"about":[{"href":"https:\/\/www.caririemacao.com\/1\/wp-json\/wp\/v2\/types\/post"}],"author":[{"embeddable":true,"href":"https:\/\/www.caririemacao.com\/1\/wp-json\/wp\/v2\/users\/1"}],"replies":[{"embeddable":true,"href":"https:\/\/www.caririemacao.com\/1\/wp-json\/wp\/v2\/comments?post=143000"}],"version-history":[{"count":1,"href":"https:\/\/www.caririemacao.com\/1\/wp-json\/wp\/v2\/posts\/143000\/revisions"}],"predecessor-version":[{"id":143002,"href":"https:\/\/www.caririemacao.com\/1\/wp-json\/wp\/v2\/posts\/143000\/revisions\/143002"}],"wp:featuredmedia":[{"embeddable":true,"href":"https:\/\/www.caririemacao.com\/1\/wp-json\/wp\/v2\/media\/143001"}],"wp:attachment":[{"href":"https:\/\/www.caririemacao.com\/1\/wp-json\/wp\/v2\/media?parent=143000"}],"wp:term":[{"taxonomy":"category","embeddable":true,"href":"https:\/\/www.caririemacao.com\/1\/wp-json\/wp\/v2\/categories?post=143000"},{"taxonomy":"post_tag","embeddable":true,"href":"https:\/\/www.caririemacao.com\/1\/wp-json\/wp\/v2\/tags?post=143000"}],"curies":[{"name":"wp","href":"https:\/\/api.w.org\/{rel}","templated":true}]}}