{"id":143005,"date":"2019-12-26T09:23:22","date_gmt":"2019-12-26T12:23:22","guid":{"rendered":"http:\/\/www.caririemacao.com\/1\/?p=143005"},"modified":"2019-12-26T09:23:22","modified_gmt":"2019-12-26T12:23:22","slug":"flamengo-perto-de-um-acerto-para-permanencia-de-artilheiro","status":"publish","type":"post","link":"https:\/\/www.caririemacao.com\/1\/2019\/12\/26\/flamengo-perto-de-um-acerto-para-permanencia-de-artilheiro\/","title":{"rendered":"Flamengo perto de um acerto para perman\u00eancia de artilheiro"},"content":{"rendered":"\n<p>O desejo do Flamengo em ficar com Gabigol j\u00e1 \u00e9 p\u00fablico e not\u00f3rio, e as partes avan\u00e7am para a compra de 80% dos direitos e um contrato mais longo do jogador com o time rubro-negro. Nos \u00faltimos dias, a c\u00fapula rubro-negra e os representantes do artilheiro caminharam um pouco mais em dire\u00e7\u00e3o \u00e0 perman\u00eancia, mas dificilmente o novo acordo ser\u00e1 selado antes do final de 2019.<\/p>\n\n\n\n<p>O atacante tem contrato at\u00e9 o dia 31 de dezembro deste ano e quest\u00f5es referentes a valores adiam o an\u00fancio do \u201cfico\u201d do goleador, que j\u00e1 tem em m\u00e3os a proposta detalhada.<\/p>\n\n\n\n<p>Como h\u00e1 uma natural desmobiliza\u00e7\u00e3o por conta de festas de fim de ano, a expectativa \u00e9 que o entendimento fique para janeiro, quando Gabigol j\u00e1 n\u00e3o ter\u00e1 v\u00ednculo com o campe\u00e3o do Brasileiro e da Libertadores.<\/p>\n\n\n\n<p>Ainda h\u00e1 a esperan\u00e7a por parte do estafe do jogador de que propostas de grandes clubes europeus pintem, mas o Flamengo surge cada vez mais como a prov\u00e1vel casa do atleta no ano que vem, j\u00e1 que o plano \u00e9 comprar 80% dos direitos que pertencem aos italianos da Internazionale.<\/p>\n\n\n\n<p>O Flamengo enxerga o neg\u00f3cio como cada vez mais pr\u00f3ximo e mant\u00e9m uma postura serena. Quando percebeu que o atacante estava ganhando tempo por propostas do Velho Continente, Marcos Braz, vice de futebol, veio a p\u00fablico e pediu que houvesse uma defini\u00e7\u00e3o por parte do estafe.<\/p>\n\n\n\n<p>A situa\u00e7\u00e3o hoje caminha no sentido de um final feliz. Os rubro-negros aguardam o \u201csim\u201d para efetuar a transa\u00e7\u00e3o. Com a Inter j\u00e1 est\u00e1 acordado que o pagamento ser\u00e1 feito de forma parcelada, e que a opera\u00e7\u00e3o deve girar na casa dos 16 milh\u00f5es de euros (cerca de R$ 72 milh\u00f5es).<\/p>\n","protected":false},"excerpt":{"rendered":"<p>O desejo do Flamengo em ficar com Gabigol j\u00e1 \u00e9 p\u00fablico e not\u00f3rio, e as partes avan\u00e7am para a compra de 80% dos direitos e&hellip; <\/p>\n","protected":false},"author":1,"featured_media":90788,"comment_status":"closed","ping_status":"closed","sticky":false,"template":"","format":"standard","meta":{"sfsi_plus_gutenberg_text_before_share":"","sfsi_plus_gutenberg_show_text_before_share":"","sfsi_plus_gutenberg_icon_type":"","sfsi_plus_gutenberg_icon_alignemt":"","sfsi_plus_gutenburg_max_per_row":"","footnotes":""},"categories":[13],"tags":[],"class_list":["post-143005","post","type-post","status-publish","format-standard","has-post-thumbnail","hentry","category-esportes"],"_links":{"self":[{"href":"https:\/\/www.caririemacao.com\/1\/wp-json\/wp\/v2\/posts\/143005","targetHints":{"allow":["GET"]}}],"collection":[{"href":"https:\/\/www.caririemacao.com\/1\/wp-json\/wp\/v2\/posts"}],"about":[{"href":"https:\/\/www.caririemacao.com\/1\/wp-json\/wp\/v2\/types\/post"}],"author":[{"embeddable":true,"href":"https:\/\/www.caririemacao.com\/1\/wp-json\/wp\/v2\/users\/1"}],"replies":[{"embeddable":true,"href":"https:\/\/www.caririemacao.com\/1\/wp-json\/wp\/v2\/comments?post=143005"}],"version-history":[{"count":1,"href":"https:\/\/www.caririemacao.com\/1\/wp-json\/wp\/v2\/posts\/143005\/revisions"}],"predecessor-version":[{"id":143008,"href":"https:\/\/www.caririemacao.com\/1\/wp-json\/wp\/v2\/posts\/143005\/revisions\/143008"}],"wp:featuredmedia":[{"embeddable":true,"href":"https:\/\/www.caririemacao.com\/1\/wp-json\/wp\/v2\/media\/90788"}],"wp:attachment":[{"href":"https:\/\/www.caririemacao.com\/1\/wp-json\/wp\/v2\/media?parent=143005"}],"wp:term":[{"taxonomy":"category","embeddable":true,"href":"https:\/\/www.caririemacao.com\/1\/wp-json\/wp\/v2\/categories?post=143005"},{"taxonomy":"post_tag","embeddable":true,"href":"https:\/\/www.caririemacao.com\/1\/wp-json\/wp\/v2\/tags?post=143005"}],"curies":[{"name":"wp","href":"https:\/\/api.w.org\/{rel}","templated":true}]}}