{"id":143011,"date":"2019-12-26T09:24:47","date_gmt":"2019-12-26T12:24:47","guid":{"rendered":"http:\/\/www.caririemacao.com\/1\/?p=143011"},"modified":"2019-12-26T09:24:47","modified_gmt":"2019-12-26T12:24:47","slug":"com-pouca-grana-palmeiras-investe-pouco-em-contratacoes-de-peso","status":"publish","type":"post","link":"https:\/\/www.caririemacao.com\/1\/2019\/12\/26\/com-pouca-grana-palmeiras-investe-pouco-em-contratacoes-de-peso\/","title":{"rendered":"Com pouca grana, Palmeiras investe pouco em contrata\u00e7\u00f5es de peso"},"content":{"rendered":"\n<p>Acostumado com uma movimenta\u00e7\u00e3o intensa na reta final dos \u00faltimos anos, o torcedor do Palmeiras vive um dezembro de poucas novidades no mercado da bola. Com investimento reduzido em rela\u00e7\u00e3o \u00e0s mais recentes temporadas, o clube tem como \u00fanicos refor\u00e7os confirmados para o elenco profissional jogadores oriundos da base, que ficar\u00e3o \u00e0 disposi\u00e7\u00e3o de Vanderlei Luxemburgo.<\/p>\n\n\n\n<p>O panorama \u00e9 diferente daquele que virou marca registrada do clube alviverde enquanto Alexandre Mattos esteve \u00e0 frente da gest\u00e3o do futebol. Em dezembro de 2014, o torcedor j\u00e1 sabia que contaria com Z\u00e9 Roberto, Lucas e Vitor Hugo por exemplo. Em janeiro de 2015, a grande novidade foi o an\u00fancio de Dudu, que era disputado por S\u00e3o Paulo e Corinthians.<\/p>\n\n\n\n<p>Nos primeiros dias de dezembro de 2015, o Palmeiras tamb\u00e9m j\u00e1 mostrava for\u00e7a no mercado e anunciava Vagner, Roger Carvalho, Rodrigo, Erik, Mois\u00e9s e Guerra. No fim da temporada de 2016, not\u00edcias confirmavam as chegadas de jogadores como Michel Bastos e Keno.<\/p>\n\n\n\n<p>No fim de 2017, nomes como Lucas Lima e Diogo Barbosa j\u00e1 estavam certos. J\u00e1 na janela entre 2018 e 2019, o time lviverde tinha confirma\u00e7\u00f5es de refor\u00e7os como Arthur Cabral e Z\u00e9 Rafael.<\/p>\n\n\n\n<p>Al\u00e9m da sa\u00edda de Alexandre Mattos, seguida da chegada de Anderson Barros, novo diretor de futebol, a nova postura do Palmeiras tamb\u00e9m acontece pela mudan\u00e7a do patamar financeiro. Se nos \u00faltimos anos a equipe paulista n\u00e3o media esfor\u00e7os para se refor\u00e7ar, agora h\u00e1 menos dinheiro dispon\u00edvel.<\/p>\n\n\n\n<p>Ser\u00e3o cerca de R$ 30 milh\u00f5es para o clube ir ao mercado. A ideia \u00e9 investir em refor\u00e7os que cheguem com r\u00f3tulo de titulares, n\u00e3o mais para compor o elenco. Esse total pode aumentar de acordo com as vendas efetuadas nesta janela, mas essa tarefa tamb\u00e9m n\u00e3o tem sido f\u00e1cil.<\/p>\n\n\n\n<p>O plano passar por negociar, por exemplo, Miguel Borja e Deyverson. Para o primeiro, todas as propostas apresentadas foram por empr\u00e9stimo. O segundo ainda n\u00e3o tem interessados. Raphael Veiga chegou a ser colocado como poss\u00edvel moeda de troca, mas Vanderlei Luxemburgo pediu para ele ficar. Hyoran deve sair, mas apenas por empr\u00e9stimo.<\/p>\n","protected":false},"excerpt":{"rendered":"<p>Acostumado com uma movimenta\u00e7\u00e3o intensa na reta final dos \u00faltimos anos, o torcedor do Palmeiras vive um dezembro de poucas novidades no mercado da bola.&hellip; <\/p>\n","protected":false},"author":1,"featured_media":143012,"comment_status":"closed","ping_status":"closed","sticky":false,"template":"","format":"standard","meta":{"sfsi_plus_gutenberg_text_before_share":"","sfsi_plus_gutenberg_show_text_before_share":"","sfsi_plus_gutenberg_icon_type":"","sfsi_plus_gutenberg_icon_alignemt":"","sfsi_plus_gutenburg_max_per_row":"","footnotes":""},"categories":[13],"tags":[],"class_list":["post-143011","post","type-post","status-publish","format-standard","has-post-thumbnail","hentry","category-esportes"],"_links":{"self":[{"href":"https:\/\/www.caririemacao.com\/1\/wp-json\/wp\/v2\/posts\/143011","targetHints":{"allow":["GET"]}}],"collection":[{"href":"https:\/\/www.caririemacao.com\/1\/wp-json\/wp\/v2\/posts"}],"about":[{"href":"https:\/\/www.caririemacao.com\/1\/wp-json\/wp\/v2\/types\/post"}],"author":[{"embeddable":true,"href":"https:\/\/www.caririemacao.com\/1\/wp-json\/wp\/v2\/users\/1"}],"replies":[{"embeddable":true,"href":"https:\/\/www.caririemacao.com\/1\/wp-json\/wp\/v2\/comments?post=143011"}],"version-history":[{"count":1,"href":"https:\/\/www.caririemacao.com\/1\/wp-json\/wp\/v2\/posts\/143011\/revisions"}],"predecessor-version":[{"id":143013,"href":"https:\/\/www.caririemacao.com\/1\/wp-json\/wp\/v2\/posts\/143011\/revisions\/143013"}],"wp:featuredmedia":[{"embeddable":true,"href":"https:\/\/www.caririemacao.com\/1\/wp-json\/wp\/v2\/media\/143012"}],"wp:attachment":[{"href":"https:\/\/www.caririemacao.com\/1\/wp-json\/wp\/v2\/media?parent=143011"}],"wp:term":[{"taxonomy":"category","embeddable":true,"href":"https:\/\/www.caririemacao.com\/1\/wp-json\/wp\/v2\/categories?post=143011"},{"taxonomy":"post_tag","embeddable":true,"href":"https:\/\/www.caririemacao.com\/1\/wp-json\/wp\/v2\/tags?post=143011"}],"curies":[{"name":"wp","href":"https:\/\/api.w.org\/{rel}","templated":true}]}}